{"id":465,"date":"2009-06-30T09:10:51","date_gmt":"2009-06-30T08:10:51","guid":{"rendered":"http:\/\/www.ascorcerizas.com\/central\/060126wp\/wp\/?p=465"},"modified":"2010-03-16T17:41:15","modified_gmt":"2010-03-16T16:41:15","slug":"actividades-de-veran-en-as-corcerizas","status":"publish","type":"post","link":"https:\/\/ascorcerizas.com\/central\/060126wp\/wp\/?p=465","title":{"rendered":"Actividades de ver\u00e1n en As Corcerizas"},"content":{"rendered":"<p>O <strong>albergue de As Corcerizas<\/strong>, inicia a s\u00faa tempada de ver\u00e1n, cunha oferta de actividades do <strong>13 ao 19 de xullo<\/strong>, dirixida a todas as persoas que queiran comezar as s\u00faas vacaci\u00f3ns nun entorno natural incomparable, en pleno coraz\u00f3n da Serra de San Mamede.<\/p>\n<p>Poderedes pasar uns d\u00edas de ocio e tempo libre na natureza, ao tempo que teredes a oportunidade de comprobar a viabilidade das enerx\u00edas renovables e a arquitectura bioclim\u00e1tica.<\/p>\n<p style=\"text-align: center;\"><img decoding=\"async\" src=\"http:\/\/www.ascorcerizas.com\/central\/060126wp\/wp\/wp-content\/uploads\/2009\/07\/090701_vistacomedorcorceril.jpg\" alt=\"090701_vistacomedorcorceril.jpg\" \/><\/p>\n<p><!--more--><\/p>\n<p>Disfrutareis de diferentes <strong>actividades<\/strong>:<\/p>\n<p><strong>&#8211; Roteiro interpretativo ambiental guiado pola Serra de San Mamede ata o pobo de Rebordechao, xunto con actividades etnogr\u00e1ficas e ba\u00f1o no R\u00edo Arnoia.<\/strong><\/p>\n<p><strong>&#8211; Visita guiada polo equipamento de As Corcerizas, para co\u00f1ecer \u201cin situ\u201d, un proxecto que demostra a s\u00faa realidade.<\/strong><\/p>\n<p style=\"text-align: center;\"><img decoding=\"async\" src=\"http:\/\/www.ascorcerizas.com\/central\/060126wp\/wp\/wp-content\/uploads\/2009\/06\/090630_semanacorcerizas.jpg\" alt=\"090630_semanacorcerizas.jpg\" \/><\/p>\n<p>Ademais, o enclave do albergue, \u00e9 ideal para co\u00f1ecer o entorno natural e cultural m\u00e1is representativo do <strong>Macizo Central Ourens\u00e1n<\/strong>, podendo realizar libremente diferentes <strong>rutas a p\u00e9 ou en bicicleta<\/strong>.<\/p>\n<p><strong>Informaci\u00f3n e reservas:<\/strong><\/p>\n<p><strong>Tfno:<\/strong> 988374318<\/p>\n<p><strong>E-mail:<\/strong> info@ascorcerizas.com<\/p>\n","protected":false},"excerpt":{"rendered":"<p>O albergue de As Corcerizas, inicia a s\u00faa tempada de ver\u00e1n, cunha oferta de actividades do 13 ao 19 de xullo, dirixida a todas as persoas que queiran comezar as s\u00faas vacaci\u00f3ns nun entorno natural incomparable, en pleno coraz\u00f3n da Serra de San Mamede. Poderedes pasar uns d\u00edas de ocio e tempo libre na natureza, [&hellip;]<\/p>\n","protected":false},"author":3,"featured_media":0,"comment_status":"open","ping_status":"open","sticky":false,"template":"","format":"standard","meta":{"jetpack_post_was_ever_published":false,"_jetpack_newsletter_access":"","_jetpack_dont_email_post_to_subs":false,"_jetpack_newsletter_tier_id":0,"_jetpack_memberships_contains_paywalled_content":false,"_jetpack_memberships_contains_paid_content":false,"footnotes":"","jetpack_publicize_message":"","jetpack_publicize_feature_enabled":true,"jetpack_social_post_already_shared":false,"jetpack_social_options":{"image_generator_settings":{"template":"highway","default_image_id":0,"font":"","enabled":false},"version":2}},"categories":[1],"tags":[],"class_list":["post-465","post","type-post","status-publish","format-standard","hentry","category-novas"],"jetpack_publicize_connections":[],"jetpack_featured_media_url":"","jetpack_sharing_enabled":true,"jetpack_shortlink":"https:\/\/wp.me\/p7kmhj-7v","_links":{"self":[{"href":"https:\/\/ascorcerizas.com\/central\/060126wp\/wp\/index.php?rest_route=\/wp\/v2\/posts\/465","targetHints":{"allow":["GET"]}}],"collection":[{"href":"https:\/\/ascorcerizas.com\/central\/060126wp\/wp\/index.php?rest_route=\/wp\/v2\/posts"}],"about":[{"href":"https:\/\/ascorcerizas.com\/central\/060126wp\/wp\/index.php?rest_route=\/wp\/v2\/types\/post"}],"author":[{"embeddable":true,"href":"https:\/\/ascorcerizas.com\/central\/060126wp\/wp\/index.php?rest_route=\/wp\/v2\/users\/3"}],"replies":[{"embeddable":true,"href":"https:\/\/ascorcerizas.com\/central\/060126wp\/wp\/index.php?rest_route=%2Fwp%2Fv2%2Fcomments&post=465"}],"version-history":[{"count":0,"href":"https:\/\/ascorcerizas.com\/central\/060126wp\/wp\/index.php?rest_route=\/wp\/v2\/posts\/465\/revisions"}],"wp:attachment":[{"href":"https:\/\/ascorcerizas.com\/central\/060126wp\/wp\/index.php?rest_route=%2Fwp%2Fv2%2Fmedia&parent=465"}],"wp:term":[{"taxonomy":"category","embeddable":true,"href":"https:\/\/ascorcerizas.com\/central\/060126wp\/wp\/index.php?rest_route=%2Fwp%2Fv2%2Fcategories&post=465"},{"taxonomy":"post_tag","embeddable":true,"href":"https:\/\/ascorcerizas.com\/central\/060126wp\/wp\/index.php?rest_route=%2Fwp%2Fv2%2Ftags&post=465"}],"curies":[{"name":"wp","href":"https:\/\/api.w.org\/{rel}","templated":true}]}}