{"id":464,"date":"2009-07-03T10:06:09","date_gmt":"2009-07-03T09:06:09","guid":{"rendered":"http:\/\/www.ascorcerizas.com\/central\/060126wp\/wp\/?p=464"},"modified":"2009-11-02T19:26:10","modified_gmt":"2009-11-02T18:26:10","slug":"curso-de-bioconstrucion","status":"publish","type":"post","link":"https:\/\/ascorcerizas.com\/central\/060126wp\/wp\/?p=464","title":{"rendered":"Curso de Bioconstruci\u00f3n"},"content":{"rendered":"<p><a href=\"http:\/\/amigosdaterra.net\">Amigos da Terra<\/a> presenta o <span style=\"font-size: small;\"> <strong><em>Curso pr\u00e1ctico de Bioconstruci\u00f3n e Autoconstruci\u00f3n <\/em>en As Corcerizas,<\/strong> equipamento pioneiro na utilizaci\u00f3n de t\u00e9cnicas bioconstrutivas e aplicaci\u00f3n da arquitectura bioclim\u00e1tica como exemplo que demostra a s\u00faa realidade.<br \/>\nOs fundamentos te\u00f3ricos levaranse a cabo a trav\u00e9s de actividades de participaci\u00f3n e debate, seguido de aplicaci\u00f3ns pr\u00e1cticas sobre o terreo, experimentando diferentes t\u00e9cnicas e posibilidades utilizadas na Bioconstruci\u00f3n. Contaremos coa colaboraci\u00f3n e experiencia da <strong><a title=\"REDE DE PERMACULTURA IBERICA NODO NOROESTE\" href=\"http:\/\/permaculturagaliza.pbwiki.com\">REDE DE PERMACULTURA IB\u00c9RICA NODO NOROESTE<\/a>.<\/strong><\/span><\/p>\n<p><strong>Datas: 20-23 de agosto 2009. <\/strong>O d\u00eda 20 dar\u00e1 comezo \u00e1s 16.00h. e o 23 rematar\u00e1 \u00e1s 17.30h.<\/p>\n<p><strong>Duraci\u00f3n: 30 horas.<\/strong> Diploma de asistencia<\/p>\n<p><strong>Prezo: 135 \u20ac para socios\/as e 150 \u20ac para o resto de participantes (incl\u00fae aloxamento e alimentaci\u00f3n ecol\u00f3xica local e comercio xusto, na s\u00faa maior\u00eda). <\/strong><\/p>\n<p><!--more--><\/p>\n<p>O curso proporciona co\u00f1ecementos, formaci\u00f3n espec\u00edfica e ferramentas did\u00e1cticas para a identificaci\u00f3n e aplicaci\u00f3n de soluci\u00f3ns integrais que conduzan cara novos modelos de desenvolvemento que minimicen o impacto ambiental, social e sobre a sa\u00fade humana.<\/p>\n<p align=\"justify\"><strong>Obxectivos:<\/strong><\/p>\n<ul>\n<li>Avaliar o impacto ecol\u00f3xico da construci\u00f3n: a pegada ecol\u00f3xica<\/li>\n<li>\n<p align=\"justify\">Co\u00f1ecer e aplicar diferentes t\u00e9cnicas e materiais de bioconstruci\u00f3n e arquitectura bioclim\u00e1tica,<strong> <\/strong>demostrando os grandes avances acadados para unha costruci\u00f3n sostible.<\/p>\n<\/li>\n<li>\n<p align=\"justify\">Capacitar na toma de decisi\u00f3ns, en cada caso, sobre o material m\u00e1is razoable, ecol\u00f3xico e sostible<\/p>\n<\/li>\n<\/ul>\n<p><strong>Contidos:<\/strong><\/p>\n<ul>\n<li>Arquitectura Bioclim\u00e1tica<\/li>\n<li>Eficiencia enerx\u00e9tica e enerx\u00edas alternativas<\/li>\n<li>An\u00e1lise do ciclo de vida dos materiais. Criterios de selecci\u00f3n<\/li>\n<li>Planeamento e marco lexislativo<\/li>\n<li>Dese\u00f1o, Permacultura<\/li>\n<\/ul>\n<p><strong>Metodolox\u00eda:<\/strong><\/p>\n<p>Os fundamentos te\u00f3ricos levaranse a cabo a trav\u00e9s de actividades de participaci\u00f3n e debate, seguido de aplicaci\u00f3ns pr\u00e1cticas sobre o terreo, experimentando diferentes t\u00e9cnicas e posibilidades utilizadas na Bioconstruci\u00f3n.<\/p>\n<p><strong>Destinatarios\/as: <\/strong>Este curso est\u00e1 especialmente dirixido a estudantes e profesionais de arquitectura, inxe\u00f1er\u00eda, urbanismo, xesti\u00f3n do territorio, calidade ambiental; asociaci\u00f3ns, t\u00e9cnicos\/as ambientais da administraci\u00f3n publica ou entidades privadas e en xeral a calquera cidad\u00e1n\/\u00e1 interesado\/a na autoconstruci\u00f3n e o fomento da arquitectura sostible.<\/p>\n<p><strong>Inscrici\u00f3n: <\/strong>o plazo de inscrici\u00f3n da comezo o <strong>3 de xullo<\/strong> e remata o <strong>7 de agosto<\/strong>. Para facer a t\u00faa reserva, cubre a ficha e por\u00e9monos en contacto contigo. <strong>O n\u00famero de plazas est\u00e1 limitado a 30 persoas. <\/strong>Os criterios de selecci\u00f3n basearanse na orde de inscrici\u00f3ns e as motivaci\u00f3ns e espectativas.<\/p>\n<p><strong>Ficha de inscrici\u00f3n: <a title=\"formato OpenOffice\" href=\"http:\/\/www.ascorcerizas.com\/central\/060126wp\/wp\/wp-content\/uploads\/2009\/07\/ficha_inscricion_bioconstrucion.odt\">formato OpenOffice<\/a> <\/strong>\/ <a title=\"formato PDF\" href=\"http:\/\/www.ascorcerizas.com\/central\/060126wp\/wp\/wp-content\/uploads\/2009\/07\/ficha_inscricion_bioconstrucion.doc\">formato DOC<\/a> \/ <a title=\"formato PDF\" href=\"http:\/\/www.ascorcerizas.com\/central\/060126wp\/wp\/wp-content\/uploads\/2009\/07\/ficha_inscricion_bioconstrucion.pdf\">formato PDF<\/a><\/p>\n<p>Organiza <a title=\"Amigos da Terra\" href=\"http:\/\/www.ascorcerizas.com\/central\/060126wp\/wp\/wp-content\/uploads\/2009\/07\/amigos_da_terra_horizontal_v02_ok.jpg\"><img decoding=\"async\" src=\"http:\/\/www.ascorcerizas.com\/central\/060126wp\/wp\/wp-content\/uploads\/2009\/07\/amigos_da_terra_horizontal_v02_ok.thumbnail.jpg\" alt=\"Amigos da Terra\" \/><\/a><\/p>\n<p>Colabora <a title=\"Rede de Permacultura Ib\u00e9rica Nodo Noroeste\" href=\"http:\/\/www.ascorcerizas.com\/central\/060126wp\/wp\/wp-content\/uploads\/2009\/07\/permacultura.jpg\"><img decoding=\"async\" src=\"http:\/\/www.ascorcerizas.com\/central\/060126wp\/wp\/wp-content\/uploads\/2009\/07\/permacultura.thumbnail.jpg\" alt=\"Rede de Permacultura Ib\u00e9rica Nodo Noroeste\" \/><\/a><\/p>\n","protected":false},"excerpt":{"rendered":"<p>Amigos da Terra presenta o Curso pr\u00e1ctico de Bioconstruci\u00f3n e Autoconstruci\u00f3n en As Corcerizas, equipamento pioneiro na utilizaci\u00f3n de t\u00e9cnicas bioconstrutivas e aplicaci\u00f3n da arquitectura bioclim\u00e1tica como exemplo que demostra a s\u00faa realidade. Os fundamentos te\u00f3ricos levaranse a cabo a trav\u00e9s de actividades de participaci\u00f3n e debate, seguido de aplicaci\u00f3ns pr\u00e1cticas sobre o terreo, experimentando [&hellip;]<\/p>\n","protected":false},"author":4,"featured_media":0,"comment_status":"open","ping_status":"open","sticky":false,"template":"","format":"standard","meta":{"jetpack_post_was_ever_published":false,"_jetpack_newsletter_access":"","_jetpack_dont_email_post_to_subs":false,"_jetpack_newsletter_tier_id":0,"_jetpack_memberships_contains_paywalled_content":false,"_jetpack_memberships_contains_paid_content":false,"footnotes":"","jetpack_publicize_message":"","jetpack_publicize_feature_enabled":true,"jetpack_social_post_already_shared":false,"jetpack_social_options":{"image_generator_settings":{"template":"highway","default_image_id":0,"font":"","enabled":false},"version":2}},"categories":[1],"tags":[],"class_list":["post-464","post","type-post","status-publish","format-standard","hentry","category-novas"],"jetpack_publicize_connections":[],"jetpack_featured_media_url":"","jetpack_sharing_enabled":true,"jetpack_shortlink":"https:\/\/wp.me\/p7kmhj-7u","_links":{"self":[{"href":"https:\/\/ascorcerizas.com\/central\/060126wp\/wp\/index.php?rest_route=\/wp\/v2\/posts\/464","targetHints":{"allow":["GET"]}}],"collection":[{"href":"https:\/\/ascorcerizas.com\/central\/060126wp\/wp\/index.php?rest_route=\/wp\/v2\/posts"}],"about":[{"href":"https:\/\/ascorcerizas.com\/central\/060126wp\/wp\/index.php?rest_route=\/wp\/v2\/types\/post"}],"author":[{"embeddable":true,"href":"https:\/\/ascorcerizas.com\/central\/060126wp\/wp\/index.php?rest_route=\/wp\/v2\/users\/4"}],"replies":[{"embeddable":true,"href":"https:\/\/ascorcerizas.com\/central\/060126wp\/wp\/index.php?rest_route=%2Fwp%2Fv2%2Fcomments&post=464"}],"version-history":[{"count":0,"href":"https:\/\/ascorcerizas.com\/central\/060126wp\/wp\/index.php?rest_route=\/wp\/v2\/posts\/464\/revisions"}],"wp:attachment":[{"href":"https:\/\/ascorcerizas.com\/central\/060126wp\/wp\/index.php?rest_route=%2Fwp%2Fv2%2Fmedia&parent=464"}],"wp:term":[{"taxonomy":"category","embeddable":true,"href":"https:\/\/ascorcerizas.com\/central\/060126wp\/wp\/index.php?rest_route=%2Fwp%2Fv2%2Fcategories&post=464"},{"taxonomy":"post_tag","embeddable":true,"href":"https:\/\/ascorcerizas.com\/central\/060126wp\/wp\/index.php?rest_route=%2Fwp%2Fv2%2Ftags&post=464"}],"curies":[{"name":"wp","href":"https:\/\/api.w.org\/{rel}","templated":true}]}}