{"id":459,"date":"2009-06-22T12:27:07","date_gmt":"2009-06-22T11:27:07","guid":{"rendered":"http:\/\/www.ascorcerizas.com\/central\/060126wp\/wp\/?p=459"},"modified":"2009-11-02T19:20:49","modified_gmt":"2009-11-02T18:20:49","slug":"as-corcerizas-nas-vi-xornadas-galegas-de-educacion-ambiental","status":"publish","type":"post","link":"https:\/\/ascorcerizas.com\/central\/060126wp\/wp\/?p=459","title":{"rendered":"As Corcerizas nas VI Xornadas Galegas de Educaci\u00f3n Ambiental"},"content":{"rendered":"<p><strong>Amigos da Terra<\/strong> participa nas <strong>VI Xornadas Galegas de Educaci\u00f3n Ambiental<\/strong>, que ter\u00e1n lugar en Santiago de Compostela o <strong>25,26 e 27 de xu\u00f1o<\/strong>, e que est\u00e1n patrocinadas pola Conseller\u00eda de Medio Ambiente.<\/p>\n<p style=\"text-align: center;\"><img decoding=\"async\" src=\"http:\/\/www.ascorcerizas.com\/central\/060126wp\/wp\/wp-content\/uploads\/2009\/06\/090618_macrofitascorcerizas.JPG\" alt=\"090618_macrofitascorcerizas.JPG\" \/><\/p>\n<p><!--more--><\/p>\n<p>Este ano, est\u00e1n orientadas a resituar os problemas ambientais do s\u00e9culo XXI, debater os avances realizados en Galicia e no Estado na implantaci\u00f3n de estratexias de educaci\u00f3n ambiental e as\u00ed mesmo, ofrecer un foro para o intercambio de experiencias neste eido.<\/p>\n<p>As xornadas incluir\u00e1n mesas redondas, sesi\u00f3ns de intercambio de experiencias e comunicaci\u00f3ns. Neste senso, <strong>Amigos da Terra<\/strong>, realizar\u00e1 unha <strong>comunicaci\u00f3n sobre o Centro de Educaci\u00f3n Ambiental As Corcerizas.<\/strong><\/p>\n<p>Ademais, haber\u00e1 unha <strong>Mostra de Educaci\u00f3n Ambiental<\/strong>, na que se expor\u00e1n e difundir\u00e1n materiais, equipamentos e recursos das entidades e asociaci\u00f3ns interesadas.<\/p>\n","protected":false},"excerpt":{"rendered":"<p>Amigos da Terra participa nas VI Xornadas Galegas de Educaci\u00f3n Ambiental, que ter\u00e1n lugar en Santiago de Compostela o 25,26 e 27 de xu\u00f1o, e que est\u00e1n patrocinadas pola Conseller\u00eda de Medio Ambiente.<\/p>\n","protected":false},"author":3,"featured_media":0,"comment_status":"open","ping_status":"open","sticky":false,"template":"","format":"standard","meta":{"jetpack_post_was_ever_published":false,"_jetpack_newsletter_access":"","_jetpack_dont_email_post_to_subs":false,"_jetpack_newsletter_tier_id":0,"_jetpack_memberships_contains_paywalled_content":false,"_jetpack_memberships_contains_paid_content":false,"footnotes":"","jetpack_publicize_message":"","jetpack_publicize_feature_enabled":true,"jetpack_social_post_already_shared":false,"jetpack_social_options":{"image_generator_settings":{"template":"highway","default_image_id":0,"font":"","enabled":false},"version":2}},"categories":[1],"tags":[],"class_list":["post-459","post","type-post","status-publish","format-standard","hentry","category-novas"],"jetpack_publicize_connections":[],"jetpack_featured_media_url":"","jetpack_sharing_enabled":true,"jetpack_shortlink":"https:\/\/wp.me\/p7kmhj-7p","_links":{"self":[{"href":"https:\/\/ascorcerizas.com\/central\/060126wp\/wp\/index.php?rest_route=\/wp\/v2\/posts\/459","targetHints":{"allow":["GET"]}}],"collection":[{"href":"https:\/\/ascorcerizas.com\/central\/060126wp\/wp\/index.php?rest_route=\/wp\/v2\/posts"}],"about":[{"href":"https:\/\/ascorcerizas.com\/central\/060126wp\/wp\/index.php?rest_route=\/wp\/v2\/types\/post"}],"author":[{"embeddable":true,"href":"https:\/\/ascorcerizas.com\/central\/060126wp\/wp\/index.php?rest_route=\/wp\/v2\/users\/3"}],"replies":[{"embeddable":true,"href":"https:\/\/ascorcerizas.com\/central\/060126wp\/wp\/index.php?rest_route=%2Fwp%2Fv2%2Fcomments&post=459"}],"version-history":[{"count":0,"href":"https:\/\/ascorcerizas.com\/central\/060126wp\/wp\/index.php?rest_route=\/wp\/v2\/posts\/459\/revisions"}],"wp:attachment":[{"href":"https:\/\/ascorcerizas.com\/central\/060126wp\/wp\/index.php?rest_route=%2Fwp%2Fv2%2Fmedia&parent=459"}],"wp:term":[{"taxonomy":"category","embeddable":true,"href":"https:\/\/ascorcerizas.com\/central\/060126wp\/wp\/index.php?rest_route=%2Fwp%2Fv2%2Fcategories&post=459"},{"taxonomy":"post_tag","embeddable":true,"href":"https:\/\/ascorcerizas.com\/central\/060126wp\/wp\/index.php?rest_route=%2Fwp%2Fv2%2Ftags&post=459"}],"curies":[{"name":"wp","href":"https:\/\/api.w.org\/{rel}","templated":true}]}}