{"id":455,"date":"2009-06-10T10:42:55","date_gmt":"2009-06-10T09:42:55","guid":{"rendered":"http:\/\/www.ascorcerizas.com\/central\/060126wp\/wp\/?p=455"},"modified":"2009-11-02T19:20:16","modified_gmt":"2009-11-02T18:20:16","slug":"caminando-ao-son-das-montanas-pecha-as-suas-portas","status":"publish","type":"post","link":"https:\/\/ascorcerizas.com\/central\/060126wp\/wp\/?p=455","title":{"rendered":"&#8220;Cami\u00f1ando ao son das monta\u00f1as&#8221; pecha as s\u00faas portas"},"content":{"rendered":"<p>A ruta da pasada fin de semana, puxo punto e final, por este ano, a actividade \u201cCami\u00f1ando ao son das monta\u00f1as\u201d, que Amigos da Terra realiza dentro do programa Naturalmente Galiza.<\/p>\n<p style=\"text-align: center;\"><img decoding=\"async\" src=\"http:\/\/www.ascorcerizas.com\/central\/060126wp\/wp\/wp-content\/uploads\/2009\/06\/natu14.jpg\" alt=\"natu14.jpg\" \/><\/p>\n<p><!--more--><\/p>\n<p>Foron catro fins de semana, nos que cerca dun centenar de persoas, acerc\u00e1ronse ata a O Centro de Educaci\u00f3n Ambiental de As Corcerizas na Serra de San Mamede, para disfrutar das variadas actividades que ofrece este programa, tales como, unha ruta ambiental interpretativa polo Bidueiral de Montederramo zona LIC dentro da Red Natura 2000, onde puideron realizar avistamentos de rastros e sinais da fauna do contorno e onde tam\u00e9n aprenderon t\u00e9cnicas de supervivencia na monta\u00f1a.<\/p>\n<p style=\"text-align: center;\"><img decoding=\"async\" src=\"http:\/\/www.ascorcerizas.com\/central\/060126wp\/wp\/wp-content\/uploads\/2009\/06\/natu12.jpg\" alt=\"natu12.jpg\" \/><\/p>\n<p>Tam\u00e9n disfrutaron de momentos de relax, coma o ba\u00f1o termal no Balneario de Ba\u00f1os de Molgas, as\u00ed como unha visita guiada polos equipamentos de As Corcerizas, para as\u00ed co\u00f1ecer o perfecto funcionamento das enerx\u00edas renovables.<\/p>\n<p align=\"center\"><img decoding=\"async\" src=\"http:\/\/www.ascorcerizas.com\/central\/060126wp\/wp\/wp-content\/uploads\/2009\/06\/natu23.JPG\" alt=\"natu23.JPG\" \/><\/p>\n<p>Segundo os responsables da actividade, os participantes valoraron moi positivamente o conxunto das actividades desenvolvidas e xa est\u00e1n desexando que chegue o ano que ven para disfrutar dunha nova edici\u00f3n de \u201cCami\u00f1ando ao son das monta\u00f1as\u201d.<\/p>\n","protected":false},"excerpt":{"rendered":"<p>A ruta da pasada fin de semana, puxo punto e final, por este ano, a actividade \u201cCami\u00f1ando ao son das monta\u00f1as\u201d, que Amigos da Terra realiza dentro do programa Naturalmente Galiza.<\/p>\n","protected":false},"author":3,"featured_media":0,"comment_status":"open","ping_status":"open","sticky":false,"template":"","format":"standard","meta":{"jetpack_post_was_ever_published":false,"_jetpack_newsletter_access":"","_jetpack_dont_email_post_to_subs":false,"_jetpack_newsletter_tier_id":0,"_jetpack_memberships_contains_paywalled_content":false,"_jetpack_memberships_contains_paid_content":false,"footnotes":"","jetpack_publicize_message":"","jetpack_publicize_feature_enabled":true,"jetpack_social_post_already_shared":false,"jetpack_social_options":{"image_generator_settings":{"template":"highway","default_image_id":0,"font":"","enabled":false},"version":2}},"categories":[1],"tags":[],"class_list":["post-455","post","type-post","status-publish","format-standard","hentry","category-novas"],"jetpack_publicize_connections":[],"jetpack_featured_media_url":"","jetpack_sharing_enabled":true,"jetpack_shortlink":"https:\/\/wp.me\/p7kmhj-7l","_links":{"self":[{"href":"https:\/\/ascorcerizas.com\/central\/060126wp\/wp\/index.php?rest_route=\/wp\/v2\/posts\/455","targetHints":{"allow":["GET"]}}],"collection":[{"href":"https:\/\/ascorcerizas.com\/central\/060126wp\/wp\/index.php?rest_route=\/wp\/v2\/posts"}],"about":[{"href":"https:\/\/ascorcerizas.com\/central\/060126wp\/wp\/index.php?rest_route=\/wp\/v2\/types\/post"}],"author":[{"embeddable":true,"href":"https:\/\/ascorcerizas.com\/central\/060126wp\/wp\/index.php?rest_route=\/wp\/v2\/users\/3"}],"replies":[{"embeddable":true,"href":"https:\/\/ascorcerizas.com\/central\/060126wp\/wp\/index.php?rest_route=%2Fwp%2Fv2%2Fcomments&post=455"}],"version-history":[{"count":0,"href":"https:\/\/ascorcerizas.com\/central\/060126wp\/wp\/index.php?rest_route=\/wp\/v2\/posts\/455\/revisions"}],"wp:attachment":[{"href":"https:\/\/ascorcerizas.com\/central\/060126wp\/wp\/index.php?rest_route=%2Fwp%2Fv2%2Fmedia&parent=455"}],"wp:term":[{"taxonomy":"category","embeddable":true,"href":"https:\/\/ascorcerizas.com\/central\/060126wp\/wp\/index.php?rest_route=%2Fwp%2Fv2%2Fcategories&post=455"},{"taxonomy":"post_tag","embeddable":true,"href":"https:\/\/ascorcerizas.com\/central\/060126wp\/wp\/index.php?rest_route=%2Fwp%2Fv2%2Ftags&post=455"}],"curies":[{"name":"wp","href":"https:\/\/api.w.org\/{rel}","templated":true}]}}