{"id":441,"date":"2009-05-19T16:23:08","date_gmt":"2009-05-19T15:23:08","guid":{"rendered":"http:\/\/www.ascorcerizas.com\/central\/060126wp\/wp\/?p=441"},"modified":"2009-11-02T19:17:58","modified_gmt":"2009-11-02T18:17:58","slug":"i%c2%ba-encontro-de-ex-voluntarios-europeos-en-as-corcerizas","status":"publish","type":"post","link":"https:\/\/ascorcerizas.com\/central\/060126wp\/wp\/?p=441","title":{"rendered":"I\u00ba Encontro de ex-voluntarios europeos en As Corcerizas"},"content":{"rendered":"<p>Do 3 ao 9 de maio celebrouse en As Corcerizas, o 1\u00ba encontro de ex-voluntarios de Amigos da Terra.<\/p>\n<p align=\"center\"><img decoding=\"async\" src=\"http:\/\/www.ascorcerizas.com\/central\/060126wp\/wp\/wp-content\/uploads\/2009\/05\/encontro_sve-004.jpg\" alt=\"encontro_sve-004.jpg\" \/><\/p>\n<p>Un total de vinte ex-voluntarios, espa\u00f1ois e chegados de diferentes pa\u00edses ( Francia, Lituania, Alemania, Grecia, Hungr\u00eda, Inglaterra, Finlandia, B\u00e9lxica, Austria e Nicaragua), reun\u00edronse no centro de educaci\u00f3n ambiental, co obxectivo de reflexionar sobre a adaptaci\u00f3n do modo de vida sostible no d\u00eda a d\u00eda.<!--more--><\/p>\n<p>Deste xeito, os participantes ademais de actualizar os seus co\u00f1ecementos sobre o equipamento do centro, levaron a cabo moitas actividades durante a s\u00faa estancia en As Corcerizas. Debateron sobre a publicidade e as s\u00faas consecuencias sociais e ambientais, fixeron dous obradoiros de consumo alternativo co fin de desenvolver as redes econ\u00f3micas locais, levaron a cabo varios espazos de intercambio cultural nos cales puideron probar exquisitas especialidades de cada pa\u00eds, un obradoiro de teatro, unha ruta pola Serra, etc..<\/p>\n<p align=\"center\"><img decoding=\"async\" src=\"http:\/\/www.ascorcerizas.com\/central\/060126wp\/wp\/wp-content\/uploads\/2009\/05\/img_0270.JPG\" alt=\"img_0270.JPG\" \/><\/p>\n<p>Segundo os responsables, o encontro foi todo un \u00e9xito e xa est\u00e1n pensando en repetir, sobre todo grazas \u00e1 participaci\u00f3n activa dos ex-voluntarios nas distintas actividades, as\u00ed como ao feito de que puidese desenvolverse en As Corcerizas, un exemplo pr\u00e1ctico sobre como plantexar un modelo de vida sostible en harmon\u00eda coa natureza.<\/p>\n<p><!--[if !supportEmptyParas]--> <!--[endif]--><\/p>\n<p align=\"center\"><!--[if !supportEmptyParas]--> <img decoding=\"async\" src=\"http:\/\/www.ascorcerizas.com\/central\/060126wp\/wp\/wp-content\/uploads\/2009\/05\/img_0244.JPG\" alt=\"img_0244.JPG\" \/><\/p>\n<p><!--[endif]--><\/p>\n<p><!--[if !supportEmptyParas]--> <!--[endif]--><\/p>\n<p><!--[if !supportEmptyParas]--> <!--[endif]--><\/p>\n<p><!--[if !supportEmptyParas]--> <!--[endif]--><\/p>\n<p><!--[if !supportEmptyParas]--> <!--[endif]--><\/p>\n","protected":false},"excerpt":{"rendered":"<p>Do 3 ao 9 de maio celebrouse en As Corcerizas, o 1\u00ba encontro de ex-voluntarios de Amigos da Terra. Un total de vinte ex-voluntarios, espa\u00f1ois e chegados de diferentes pa\u00edses ( Francia, Lituania, Alemania, Grecia, Hungr\u00eda, Inglaterra, Finlandia, B\u00e9lxica, Austria e Nicaragua), reun\u00edronse no centro de educaci\u00f3n ambiental, co obxectivo de reflexionar sobre a adaptaci\u00f3n [&hellip;]<\/p>\n","protected":false},"author":3,"featured_media":0,"comment_status":"open","ping_status":"open","sticky":false,"template":"","format":"standard","meta":{"jetpack_post_was_ever_published":false,"_jetpack_newsletter_access":"","_jetpack_dont_email_post_to_subs":false,"_jetpack_newsletter_tier_id":0,"_jetpack_memberships_contains_paywalled_content":false,"_jetpack_memberships_contains_paid_content":false,"footnotes":"","jetpack_publicize_message":"","jetpack_publicize_feature_enabled":true,"jetpack_social_post_already_shared":false,"jetpack_social_options":{"image_generator_settings":{"template":"highway","default_image_id":0,"font":"","enabled":false},"version":2}},"categories":[7],"tags":[],"class_list":["post-441","post","type-post","status-publish","format-standard","hentry","category-voluntariado"],"jetpack_publicize_connections":[],"jetpack_featured_media_url":"","jetpack_sharing_enabled":true,"jetpack_shortlink":"https:\/\/wp.me\/p7kmhj-77","_links":{"self":[{"href":"https:\/\/ascorcerizas.com\/central\/060126wp\/wp\/index.php?rest_route=\/wp\/v2\/posts\/441","targetHints":{"allow":["GET"]}}],"collection":[{"href":"https:\/\/ascorcerizas.com\/central\/060126wp\/wp\/index.php?rest_route=\/wp\/v2\/posts"}],"about":[{"href":"https:\/\/ascorcerizas.com\/central\/060126wp\/wp\/index.php?rest_route=\/wp\/v2\/types\/post"}],"author":[{"embeddable":true,"href":"https:\/\/ascorcerizas.com\/central\/060126wp\/wp\/index.php?rest_route=\/wp\/v2\/users\/3"}],"replies":[{"embeddable":true,"href":"https:\/\/ascorcerizas.com\/central\/060126wp\/wp\/index.php?rest_route=%2Fwp%2Fv2%2Fcomments&post=441"}],"version-history":[{"count":0,"href":"https:\/\/ascorcerizas.com\/central\/060126wp\/wp\/index.php?rest_route=\/wp\/v2\/posts\/441\/revisions"}],"wp:attachment":[{"href":"https:\/\/ascorcerizas.com\/central\/060126wp\/wp\/index.php?rest_route=%2Fwp%2Fv2%2Fmedia&parent=441"}],"wp:term":[{"taxonomy":"category","embeddable":true,"href":"https:\/\/ascorcerizas.com\/central\/060126wp\/wp\/index.php?rest_route=%2Fwp%2Fv2%2Fcategories&post=441"},{"taxonomy":"post_tag","embeddable":true,"href":"https:\/\/ascorcerizas.com\/central\/060126wp\/wp\/index.php?rest_route=%2Fwp%2Fv2%2Ftags&post=441"}],"curies":[{"name":"wp","href":"https:\/\/api.w.org\/{rel}","templated":true}]}}