{"id":429,"date":"2009-03-27T11:17:40","date_gmt":"2009-03-27T10:17:40","guid":{"rendered":"http:\/\/www.ascorcerizas.com\/central\/060126wp\/wp\/?p=429"},"modified":"2009-11-02T19:09:19","modified_gmt":"2009-11-02T18:09:19","slug":"plantacion-de-arbores-froiteiras-en-vilar-de-barrio","status":"publish","type":"post","link":"https:\/\/ascorcerizas.com\/central\/060126wp\/wp\/?p=429","title":{"rendered":"Plantaci\u00f3n de \u00e1rbores froiteiras en Vilar de Barrio"},"content":{"rendered":"<p>O pasado martes, d\u00eda 24, voluntarios de Amigos da Terra en colaboraci\u00f3n con alumnas\/os do CEIP de Vilar de Barrio, realizaron na zona das Piscinas desta localidade unha plantaci\u00f3n de \u00e1rbores froiteiras correspondente \u00e1 campa\u00f1a de \u201cdoaz\u00f3n de sangue\u201d do pasado ver\u00e1n en Ourense.<\/p>\n<p align=\"center\"><img decoding=\"async\" src=\"http:\/\/www.ascorcerizas.com\/central\/060126wp\/wp\/wp-content\/uploads\/2009\/03\/plantacion_vilardebarrio-02.jpg\" alt=\"plantacion_vilardebarrio-02.jpg\" \/><\/p>\n<p><!--more--><\/p>\n<p>Antes de comezar a plantaci\u00f3n, os nenos permaneceron moi atentos \u00e1s explicaci\u00f3ns das voluntarias\/os de Amigos da Terra sobre as utilidades e usos das \u00e1rbores, tales como que se converten en botellas de os\u00edxeno di\u00farnas, dimin\u00faen a contaminaci\u00f3n qu\u00edmica atmosf\u00e9rica, son refuxio de aves, almac\u00e9n de roedores, dormitorio de curuxas ou a s\u00faa capacidade para reter o solo en situaci\u00f3n de fortes ventos e riadas, evitando as\u00ed a s\u00faa perda.<\/p>\n<p style=\"text-align: center;\"><img decoding=\"async\" class=\"aligncenter\" src=\"http:\/\/www.ascorcerizas.com\/central\/060126wp\/wp\/wp-content\/uploads\/2009\/03\/plantacion_vilardebarrio-01.jpg\" alt=\"plantacion_vilardebarrio-01.jpg\" \/><\/p>\n<p>Posteriormente, comezou a parte pr\u00e1ctica, e os nenos dispux\u00e9ronse a plantar as \u00e1rbores guiados polas explicaci\u00f3ns dos voluntarios. Finalmente, plant\u00e1ronse 10 \u00e1rbores froiteiras, entre maceiras, pereiras, ameixeiras, cerdeiras e pexegueiros.<\/p>\n<p>Con este tipo de actividades pret\u00e9ndese implicar aos m\u00e1is pequenos no coidado do seu entorno, record\u00e1ndolles o importantes que son as \u00e1rbores para n\u00f3s e a cantidade de servizos fundamentais\u00a0 que realizan para a vida do planeta.<\/p>\n<p><a href=\"http:\/\/www.agalega.info\/videos\/?emi=6567&amp;corte=2009-03-25&amp;hora=19:21:29&amp;canle=tvg2\">Aqu\u00ed podedes ver o v\u00eddeo que gravou a TVG sobre a plantaci\u00f3n.<\/a><\/p>\n<p><!--[if !supportEmptyParas]--><!--[endif]--><\/p>\n","protected":false},"excerpt":{"rendered":"<p>O pasado martes, d\u00eda 24, voluntarios de Amigos da Terra en colaboraci\u00f3n con alumnas\/os do CEIP de Vilar de Barrio, realizaron na zona das Piscinas desta localidade unha plantaci\u00f3n de \u00e1rbores froiteiras correspondente \u00e1 campa\u00f1a de \u201cdoaz\u00f3n de sangue\u201d do pasado ver\u00e1n en Ourense.<\/p>\n","protected":false},"author":3,"featured_media":0,"comment_status":"open","ping_status":"open","sticky":false,"template":"","format":"standard","meta":{"jetpack_post_was_ever_published":false,"_jetpack_newsletter_access":"","_jetpack_dont_email_post_to_subs":false,"_jetpack_newsletter_tier_id":0,"_jetpack_memberships_contains_paywalled_content":false,"_jetpack_memberships_contains_paid_content":false,"footnotes":"","jetpack_publicize_message":"","jetpack_publicize_feature_enabled":true,"jetpack_social_post_already_shared":false,"jetpack_social_options":{"image_generator_settings":{"template":"highway","default_image_id":0,"font":"","enabled":false},"version":2}},"categories":[1],"tags":[],"class_list":["post-429","post","type-post","status-publish","format-standard","hentry","category-novas"],"jetpack_publicize_connections":[],"jetpack_featured_media_url":"","jetpack_sharing_enabled":true,"jetpack_shortlink":"https:\/\/wp.me\/p7kmhj-6V","_links":{"self":[{"href":"https:\/\/ascorcerizas.com\/central\/060126wp\/wp\/index.php?rest_route=\/wp\/v2\/posts\/429","targetHints":{"allow":["GET"]}}],"collection":[{"href":"https:\/\/ascorcerizas.com\/central\/060126wp\/wp\/index.php?rest_route=\/wp\/v2\/posts"}],"about":[{"href":"https:\/\/ascorcerizas.com\/central\/060126wp\/wp\/index.php?rest_route=\/wp\/v2\/types\/post"}],"author":[{"embeddable":true,"href":"https:\/\/ascorcerizas.com\/central\/060126wp\/wp\/index.php?rest_route=\/wp\/v2\/users\/3"}],"replies":[{"embeddable":true,"href":"https:\/\/ascorcerizas.com\/central\/060126wp\/wp\/index.php?rest_route=%2Fwp%2Fv2%2Fcomments&post=429"}],"version-history":[{"count":0,"href":"https:\/\/ascorcerizas.com\/central\/060126wp\/wp\/index.php?rest_route=\/wp\/v2\/posts\/429\/revisions"}],"wp:attachment":[{"href":"https:\/\/ascorcerizas.com\/central\/060126wp\/wp\/index.php?rest_route=%2Fwp%2Fv2%2Fmedia&parent=429"}],"wp:term":[{"taxonomy":"category","embeddable":true,"href":"https:\/\/ascorcerizas.com\/central\/060126wp\/wp\/index.php?rest_route=%2Fwp%2Fv2%2Fcategories&post=429"},{"taxonomy":"post_tag","embeddable":true,"href":"https:\/\/ascorcerizas.com\/central\/060126wp\/wp\/index.php?rest_route=%2Fwp%2Fv2%2Ftags&post=429"}],"curies":[{"name":"wp","href":"https:\/\/api.w.org\/{rel}","templated":true}]}}