{"id":424,"date":"2009-02-17T12:33:12","date_gmt":"2009-02-17T11:33:12","guid":{"rendered":"http:\/\/www.ascorcerizas.com\/central\/060126wp\/wp\/?p=424"},"modified":"2009-11-02T19:04:37","modified_gmt":"2009-11-02T18:04:37","slug":"caminando-ao-son-das-montanas","status":"publish","type":"post","link":"https:\/\/ascorcerizas.com\/central\/060126wp\/wp\/?p=424","title":{"rendered":"Cami\u00f1ando ao son das monta\u00f1as"},"content":{"rendered":"<p>Xa est\u00e1 aberto o prazo para apuntarse \u00e1s actividades que como cada ano ofrece o programa ambiental <strong>\u201cNaturalmente Galiza\u201d<\/strong>, organizado pola Direcci\u00f3n Xeral de Xuventude e Solidariedade.<\/p>\n<p align=\"center\"><img decoding=\"async\" src=\"http:\/\/www.ascorcerizas.com\/central\/060126wp\/wp\/wp-content\/uploads\/2009\/02\/090217_natu_galiza.JPG\" alt=\"090217_natu_galiza.JPG\" \/><\/p>\n<p><!--more--><\/p>\n<p><strong>As Corcerizas<\/strong>, participa un ano m\u00e1is neste programa coa ruta chamada <strong>\u201cCami\u00f1ando ao son das monta\u00f1as\u201d<\/strong>. Entre as actividades preparadas para estes d\u00edas destacan:<\/p>\n<p>&#8211; Unha <strong>ruta ambiental interpretativa <\/strong>ata o Bidueiral de Montederramo, durante a cal realizarase unha actividade de rastros e sinais da fauna do contorno.<\/p>\n<p>&#8211; <strong>Actividade de rastros e sinais de fauna durante a ruta<\/strong>. Descifrar o escenario por onde pasou un animal, captar o seu olor, ou identificar as s\u00faas pegadas.<\/p>\n<p>&#8211; <strong>Un ba\u00f1o termal no balneario de Ba\u00f1os de Molgas<\/strong> ( toma de augas mineromedicinais, piscina con chorro, tratamento con lama&#8230; )<\/p>\n<p>&#8211; Un <strong>curso de t\u00e9cnicas de supervivencia na monta\u00f1a<\/strong>, onde os mozos aprender\u00e1n a facerlle fronte a situaci\u00f3ns adversas (como debemos orientarnos, alimentarnos, ou protexernos do tempo base\u00e1ndonos na utilizaci\u00f3n de recursos que hai na natureza).<\/p>\n<p><a title=\"090217_natu_galiza.JPG\" href=\"http:\/\/www.ascorcerizas.com\/central\/060126wp\/wp\/wp-content\/uploads\/2009\/02\/090217_natu_galiza.JPG\"><\/a><\/p>\n<p>Podedes obter a informaci\u00f3n b\u00e1sica do programa na web\u00a0 <a title=\"naturalmente galiza\" href=\"http:\/\/www.naturalmentegaliza.com\/#1\">www.naturalmentegaliza.com<\/a><\/p>\n<p>O tel\u00e9fono para facer a vosa reserva \u00e9\u00a0 <strong>881 999 520<\/strong>, en horario de 9 a 14 horas e todos os d\u00edas laborables ag\u00e1s os s\u00e1bados.<\/p>\n","protected":false},"excerpt":{"rendered":"<p>Xa est\u00e1 aberto o prazo para apuntarse \u00e1s actividades que como cada ano ofrece o programa ambiental \u201cNaturalmente Galiza\u201d, organizado pola Direcci\u00f3n Xeral de Xuventude e Solidariedade.<\/p>\n","protected":false},"author":3,"featured_media":0,"comment_status":"open","ping_status":"open","sticky":false,"template":"","format":"standard","meta":{"jetpack_post_was_ever_published":false,"_jetpack_newsletter_access":"","_jetpack_dont_email_post_to_subs":false,"_jetpack_newsletter_tier_id":0,"_jetpack_memberships_contains_paywalled_content":false,"_jetpack_memberships_contains_paid_content":false,"footnotes":"","jetpack_publicize_message":"","jetpack_publicize_feature_enabled":true,"jetpack_social_post_already_shared":false,"jetpack_social_options":{"image_generator_settings":{"template":"highway","default_image_id":0,"font":"","enabled":false},"version":2}},"categories":[1],"tags":[],"class_list":["post-424","post","type-post","status-publish","format-standard","hentry","category-novas"],"jetpack_publicize_connections":[],"jetpack_featured_media_url":"","jetpack_sharing_enabled":true,"jetpack_shortlink":"https:\/\/wp.me\/p7kmhj-6Q","_links":{"self":[{"href":"https:\/\/ascorcerizas.com\/central\/060126wp\/wp\/index.php?rest_route=\/wp\/v2\/posts\/424","targetHints":{"allow":["GET"]}}],"collection":[{"href":"https:\/\/ascorcerizas.com\/central\/060126wp\/wp\/index.php?rest_route=\/wp\/v2\/posts"}],"about":[{"href":"https:\/\/ascorcerizas.com\/central\/060126wp\/wp\/index.php?rest_route=\/wp\/v2\/types\/post"}],"author":[{"embeddable":true,"href":"https:\/\/ascorcerizas.com\/central\/060126wp\/wp\/index.php?rest_route=\/wp\/v2\/users\/3"}],"replies":[{"embeddable":true,"href":"https:\/\/ascorcerizas.com\/central\/060126wp\/wp\/index.php?rest_route=%2Fwp%2Fv2%2Fcomments&post=424"}],"version-history":[{"count":0,"href":"https:\/\/ascorcerizas.com\/central\/060126wp\/wp\/index.php?rest_route=\/wp\/v2\/posts\/424\/revisions"}],"wp:attachment":[{"href":"https:\/\/ascorcerizas.com\/central\/060126wp\/wp\/index.php?rest_route=%2Fwp%2Fv2%2Fmedia&parent=424"}],"wp:term":[{"taxonomy":"category","embeddable":true,"href":"https:\/\/ascorcerizas.com\/central\/060126wp\/wp\/index.php?rest_route=%2Fwp%2Fv2%2Fcategories&post=424"},{"taxonomy":"post_tag","embeddable":true,"href":"https:\/\/ascorcerizas.com\/central\/060126wp\/wp\/index.php?rest_route=%2Fwp%2Fv2%2Ftags&post=424"}],"curies":[{"name":"wp","href":"https:\/\/api.w.org\/{rel}","templated":true}]}}