{"id":358,"date":"2008-07-17T14:29:08","date_gmt":"2008-07-17T13:29:08","guid":{"rendered":"http:\/\/www.ascorcerizas.com\/central\/060126wp\/wp\/?p=358"},"modified":"2008-07-17T14:30:44","modified_gmt":"2008-07-17T13:30:44","slug":"amigos-da-terra-colabora-na-recuperacion-de-fauna-da-serra-de-san-mamede","status":"publish","type":"post","link":"https:\/\/ascorcerizas.com\/central\/060126wp\/wp\/?p=358","title":{"rendered":"Amigos da Terra colabora na Recuperaci\u00f3n de Fauna da Serra de San Mamede"},"content":{"rendered":"<p>A Asociaci\u00f3n <strong>Amigos da Terra<\/strong>, en colaboraci\u00f3n co <strong>Centro de Recuperaci\u00f3n de Fauna de O Rodicio,<\/strong> organiza unha actividade de sensibilizaci\u00f3n e concienciaci\u00f3n ambiental no Centro de Educaci\u00f3n Ambiental As Corcerizas, na Serra de San Mamede.<\/p>\n<p>A actividade ter\u00e1 como obxectivo explicar os nenos e nenas, que est\u00e1n participando no Campamento ambiental organizado polo Concello de Pontevedra e <strong>Amigos da terra<\/strong>, a importancia da conservaci\u00f3n da fauna salvaxe. Ser\u00e1 tam\u00e9n unha boa ocasi\u00f3n para aclarar a finalidade e acci\u00f3ns dos Centros de recuperaci\u00f3n de fauna.<\/p>\n<p><!--more--><br \/>\nA actividade ter\u00e1 lugar ma\u00f1\u00e1 <strong>venres 17 de xullo \u00e1s 12:00,<\/strong> e se aproveitar\u00e1 o contexto para realizar unha solta dun exemplar de Avelaiona (Strix aluco), ave de rapina nocturna de tama\u00f1o mediano da orde das curuxas e bufos, que ser\u00e1 voltada ao seu medio natural na Serra de San Mamede.<\/p>\n<p>Para levar a cabo o programa, contaremos cos\/coas t\u00e9cnicos\/as do Centro de Recuperaci\u00f3n de Fauna de O Rodicio, disposto pola Conseller\u00eda de Medio Ambiente e Desenvolvemento Sostible, para rehabilitar aos animais atopados enfermos, feridos ou en necesidade de coidados especiais.<\/p>\n","protected":false},"excerpt":{"rendered":"<p>A Asociaci\u00f3n Amigos da Terra, en colaboraci\u00f3n co Centro de Recuperaci\u00f3n de Fauna de O Rodicio, organiza unha actividade de sensibilizaci\u00f3n e concienciaci\u00f3n ambiental no Centro de Educaci\u00f3n Ambiental As Corcerizas, na Serra de San Mamede. A actividade ter\u00e1 como obxectivo explicar os nenos e nenas, que est\u00e1n participando no Campamento ambiental organizado polo Concello [&hellip;]<\/p>\n","protected":false},"author":3,"featured_media":0,"comment_status":"open","ping_status":"open","sticky":false,"template":"","format":"standard","meta":{"jetpack_post_was_ever_published":false,"_jetpack_newsletter_access":"","_jetpack_dont_email_post_to_subs":false,"_jetpack_newsletter_tier_id":0,"_jetpack_memberships_contains_paywalled_content":false,"_jetpack_memberships_contains_paid_content":false,"footnotes":"","jetpack_publicize_message":"","jetpack_publicize_feature_enabled":true,"jetpack_social_post_already_shared":false,"jetpack_social_options":{"image_generator_settings":{"template":"highway","default_image_id":0,"font":"","enabled":false},"version":2}},"categories":[1],"tags":[],"class_list":["post-358","post","type-post","status-publish","format-standard","hentry","category-novas"],"jetpack_publicize_connections":[],"jetpack_featured_media_url":"","jetpack_sharing_enabled":true,"jetpack_shortlink":"https:\/\/wp.me\/p7kmhj-5M","_links":{"self":[{"href":"https:\/\/ascorcerizas.com\/central\/060126wp\/wp\/index.php?rest_route=\/wp\/v2\/posts\/358","targetHints":{"allow":["GET"]}}],"collection":[{"href":"https:\/\/ascorcerizas.com\/central\/060126wp\/wp\/index.php?rest_route=\/wp\/v2\/posts"}],"about":[{"href":"https:\/\/ascorcerizas.com\/central\/060126wp\/wp\/index.php?rest_route=\/wp\/v2\/types\/post"}],"author":[{"embeddable":true,"href":"https:\/\/ascorcerizas.com\/central\/060126wp\/wp\/index.php?rest_route=\/wp\/v2\/users\/3"}],"replies":[{"embeddable":true,"href":"https:\/\/ascorcerizas.com\/central\/060126wp\/wp\/index.php?rest_route=%2Fwp%2Fv2%2Fcomments&post=358"}],"version-history":[{"count":0,"href":"https:\/\/ascorcerizas.com\/central\/060126wp\/wp\/index.php?rest_route=\/wp\/v2\/posts\/358\/revisions"}],"wp:attachment":[{"href":"https:\/\/ascorcerizas.com\/central\/060126wp\/wp\/index.php?rest_route=%2Fwp%2Fv2%2Fmedia&parent=358"}],"wp:term":[{"taxonomy":"category","embeddable":true,"href":"https:\/\/ascorcerizas.com\/central\/060126wp\/wp\/index.php?rest_route=%2Fwp%2Fv2%2Fcategories&post=358"},{"taxonomy":"post_tag","embeddable":true,"href":"https:\/\/ascorcerizas.com\/central\/060126wp\/wp\/index.php?rest_route=%2Fwp%2Fv2%2Ftags&post=358"}],"curies":[{"name":"wp","href":"https:\/\/api.w.org\/{rel}","templated":true}]}}