{"id":309,"date":"2007-12-10T15:03:59","date_gmt":"2007-12-10T14:03:59","guid":{"rendered":"http:\/\/www.ascorcerizas.com\/central\/060126wp\/wp\/?p=309"},"modified":"2007-12-11T11:19:03","modified_gmt":"2007-12-11T10:19:03","slug":"programa-escolaraplicacion-de-metodoloxias-cientificas-para-a-conservacion-do-medio-natural","status":"publish","type":"post","link":"https:\/\/ascorcerizas.com\/central\/060126wp\/wp\/?p=309","title":{"rendered":"Programa escolar: Aplicaci\u00f3n de Metodolox\u00edas Cient\u00edficas para a Conservaci\u00f3n do Medio Natural"},"content":{"rendered":"<p><a href=\"http:\/\/www.amigosdaterra.net\" title=\"Amigos da Terra\" target=\"_blank\">Amigos da Terra<strong> <\/strong><\/a><strong>abre o prazo<\/strong> <strong>de inscrici\u00f3n<\/strong> para os Centros escolares de toda Galiza que queiran participar neste novo Programa de Educaci\u00f3n Ambiental.<\/p>\n<p>A <a href=\"http:\/\/www.dxid.org\/\" title=\"Direcci\u00f3n xeral i+d+i\" target=\"_blank\">Direcci\u00f3n Xeral de I+D+I<\/a>, no marco Programa de Comunicaci\u00f3n e Sensibilizaci\u00f3n Social, pretende fomentar a cultura cient\u00edfica e concienciar \u00e1 sociedade galega da s\u00faa importancia. Por\u00e9n, a trav\u00e9s desta proposta, levaremos a cabo o noso obxectivo de <strong>achegar as pr\u00e1cticas e co\u00f1ecementos cient\u00edficos<\/strong>, moitas veces relegados a un sector reducido,<strong> \u00e1 nosa vida coti\u00e1.<\/strong><\/p>\n<p><img decoding=\"async\" src=\"http:\/\/www.ascorcerizas.com\/central\/060126wp\/wp\/wp-content\/uploads\/2007\/12\/metodoloxia_cientifica_web.jpg\" alt=\"Metodolox\u00eda Cient\u00edfica en San Mamede\" \/><\/p>\n<p>Unha f\u00f3rmula para espertar a nosa curiosidade \u00e9 mostrar de xeito pr\u00e1ctico e vivencial o <strong>aspecto emp\u00edrico da ciencia en plena natureza<\/strong>, complementado neste caso a trav\u00e9s dos recursos educativos que ofrece As Corcerizas.<\/p>\n<p>O programa estar\u00e1 en funcionamento desde <strong><u>Abril ata Xu\u00f1o<\/u><\/strong>, dirixido a Centros escolares de toda Galiza.<\/p>\n<p><strong>Horario:<\/strong> chegada ao Centro \u00e1s 11:00h; sa\u00edda \u00e1s 17:00h<br \/>\n<strong>Destinatarios\/as:<\/strong> a partir de 6\u00ba de Primaria<br \/>\n<strong>N\u00ba de participantes por xornada:<\/strong> 40<\/p>\n<p>Xantar e transporte por conta dos\/as participantes.<\/p>\n<p><strong>[<a href=\"?page_id=305\">Obxectivos e Programa ampliado<\/a>]<\/strong><\/p>\n<p><strong> Ficha de inscrici\u00f3n: <a href=\"http:\/\/www.ascorcerizas.com\/central\/060126wp\/wp\/wp-content\/uploads\/2007\/12\/inscricion_ciencia_08.doc\" title=\"Ficha de inscrici\u00f3n DOC\" target=\"_blank\">Formato WORD<\/a> \/ <a href=\"http:\/\/www.ascorcerizas.com\/central\/060126wp\/wp\/wp-content\/uploads\/2007\/12\/inscricion_ciencia_08.pdf\" title=\"Ficha de inscrici\u00f3n PDF\" target=\"_blank\">Formato PDF<\/a><\/strong><\/p>\n<p>Actividade gratu\u00edta subvencionada pola Conseller\u00eda de Innovaci\u00f3n e Industria, Direcci\u00f3n Xeral de Investigaci\u00f3n, Desenvolvemento e Innovaci\u00f3n.<\/p>\n<p><img decoding=\"async\" src=\"http:\/\/www.ascorcerizas.com\/central\/060126wp\/wp\/wp-content\/uploads\/2006\/10\/logo_dxidi1.gif\" alt=\"dxidi\" \/><\/p>\n<p><a href=\"http:\/\/www.dxid.org\/\" title=\"Direcci\u00f3n Xeral de Investigaci\u00f3n, Desenvolvemento e Innovaci\u00f3n\"><strong>Direcci\u00f3n Xeral de Investigaci\u00f3n, Desenvolvemento e Innovaci\u00f3n<\/strong><\/a><\/p>\n","protected":false},"excerpt":{"rendered":"<p>Amigos da Terra abre o prazo de inscrici\u00f3n para os Centros escolares de toda Galiza que queiran participar neste novo Programa de Educaci\u00f3n Ambiental. A Direcci\u00f3n Xeral de I+D+I, no marco Programa de Comunicaci\u00f3n e Sensibilizaci\u00f3n Social, pretende fomentar a cultura cient\u00edfica e concienciar \u00e1 sociedade galega da s\u00faa importancia. Por\u00e9n, a trav\u00e9s desta proposta, [&hellip;]<\/p>\n","protected":false},"author":2,"featured_media":0,"comment_status":"open","ping_status":"open","sticky":false,"template":"","format":"standard","meta":{"jetpack_post_was_ever_published":false,"_jetpack_newsletter_access":"","_jetpack_dont_email_post_to_subs":false,"_jetpack_newsletter_tier_id":0,"_jetpack_memberships_contains_paywalled_content":false,"_jetpack_memberships_contains_paid_content":false,"footnotes":"","jetpack_publicize_message":"","jetpack_publicize_feature_enabled":true,"jetpack_social_post_already_shared":false,"jetpack_social_options":{"image_generator_settings":{"template":"highway","default_image_id":0,"font":"","enabled":false},"version":2}},"categories":[1],"tags":[],"class_list":["post-309","post","type-post","status-publish","format-standard","hentry","category-novas"],"jetpack_publicize_connections":[],"jetpack_featured_media_url":"","jetpack_sharing_enabled":true,"jetpack_shortlink":"https:\/\/wp.me\/p7kmhj-4Z","_links":{"self":[{"href":"https:\/\/ascorcerizas.com\/central\/060126wp\/wp\/index.php?rest_route=\/wp\/v2\/posts\/309","targetHints":{"allow":["GET"]}}],"collection":[{"href":"https:\/\/ascorcerizas.com\/central\/060126wp\/wp\/index.php?rest_route=\/wp\/v2\/posts"}],"about":[{"href":"https:\/\/ascorcerizas.com\/central\/060126wp\/wp\/index.php?rest_route=\/wp\/v2\/types\/post"}],"author":[{"embeddable":true,"href":"https:\/\/ascorcerizas.com\/central\/060126wp\/wp\/index.php?rest_route=\/wp\/v2\/users\/2"}],"replies":[{"embeddable":true,"href":"https:\/\/ascorcerizas.com\/central\/060126wp\/wp\/index.php?rest_route=%2Fwp%2Fv2%2Fcomments&post=309"}],"version-history":[{"count":0,"href":"https:\/\/ascorcerizas.com\/central\/060126wp\/wp\/index.php?rest_route=\/wp\/v2\/posts\/309\/revisions"}],"wp:attachment":[{"href":"https:\/\/ascorcerizas.com\/central\/060126wp\/wp\/index.php?rest_route=%2Fwp%2Fv2%2Fmedia&parent=309"}],"wp:term":[{"taxonomy":"category","embeddable":true,"href":"https:\/\/ascorcerizas.com\/central\/060126wp\/wp\/index.php?rest_route=%2Fwp%2Fv2%2Fcategories&post=309"},{"taxonomy":"post_tag","embeddable":true,"href":"https:\/\/ascorcerizas.com\/central\/060126wp\/wp\/index.php?rest_route=%2Fwp%2Fv2%2Ftags&post=309"}],"curies":[{"name":"wp","href":"https:\/\/api.w.org\/{rel}","templated":true}]}}