{"id":295,"date":"2007-12-04T12:07:37","date_gmt":"2007-12-04T11:07:37","guid":{"rendered":"http:\/\/www.ascorcerizas.com\/central\/060126wp\/wp\/?p=295"},"modified":"2007-12-10T12:40:28","modified_gmt":"2007-12-10T11:40:28","slug":"novos-sistemas-de-aquecemento-en-as-corcerizas","status":"publish","type":"post","link":"https:\/\/ascorcerizas.com\/central\/060126wp\/wp\/?p=295","title":{"rendered":"Novos sistemas de aquecemento en As Corcerizas"},"content":{"rendered":"<p>Esperado dende fai moito tempo e conseguido non sen moitos esforzos, As Corcerizas conta xa cun sistema de calefacci\u00f3n activo na aula e no comedor.<\/p>\n<p>Iso \u00e9 posible grazas \u00e1 existencia de d\u00faas <strong>placas solares t\u00e9rmicas<\/strong> colocadas no mes de agosto por <em><strong>Renergy<\/strong><\/em>, e \u00e1 instalaci\u00f3n  dunha nova caldeira de biomasa.<\/p>\n<p><img decoding=\"async\" src=\"http:\/\/www.ascorcerizas.com\/central\/060126wp\/wp\/wp-content\/uploads\/2007\/12\/placas_termicas.jpg\" alt=\"placas solares termicas\" \/><\/p>\n<p><span lang=\"GL\">Totalmente automatizada e instalada pola empresa <em><a href=\"http:\/\/www.ekosolgalicia.com\/\" title=\"ekosol\" target=\"_blank\"><strong>Ekosol<\/strong><\/a><\/em>, a nova <strong>caldeira de biomasa<\/strong> de tecnolox\u00eda austr\u00edaca, complementa a singular traxectoria de As Corcerizas no seu abastecemento enerx\u00e9tico.Serve ademais como exemplo e recurso educativo para os centos de persoas que cada ano pasan polo Centro.<\/span><\/p>\n<p><img decoding=\"async\" src=\"http:\/\/www.ascorcerizas.com\/central\/060126wp\/wp\/wp-content\/uploads\/2007\/12\/instalacion_ekosol_01.jpg\" alt=\"instalacion caldeira biomasa ekosol\" \/><\/p>\n<p><img decoding=\"async\" src=\"http:\/\/www.ascorcerizas.com\/central\/060126wp\/wp\/wp-content\/uploads\/2007\/12\/instalacion_ekosol_03.jpg\" alt=\"instalacion caldeira biomasa\" \/><\/p>\n<p><span lang=\"GL\">Logo da le\u00f1a, do serr\u00edn e das labras, seguimos diversificando no emprego de combustible co uso de \u201cpellets\u201d, un granulado de serr\u00edn prensado e aglomerado mediante a s\u00faa propia lignina, que permite o aproveitamento dos (agora revalorizados) residuos das carpinter\u00edas.<\/span><\/p>\n<p><img decoding=\"async\" src=\"http:\/\/www.ascorcerizas.com\/central\/060126wp\/wp\/wp-content\/uploads\/2007\/12\/pellets.jpg\" alt=\"pellets, combustible da caldeira de biomasa\" \/><br \/>\n<span lang=\"GL\"><\/span><\/p>\n<p>Con estos notables cambios, Amigos da Terra d\u00e1 un paso m\u00e1is cara o autoabastecemento e sostibilidade.<\/p>\n<p><span lang=\"GL\">Queremos agradecer o intererse persoal e implicaci\u00f3n de Villar e Kiko, responsables das empresas <em>Renergy<\/em> e <em>Ekosol<\/em>, que non escatimaron esforzos na posta en marcha destas novas instalaci\u00f3ns e que seguen de cerca a s\u00faa evoluci\u00f3n.<\/span><\/p>\n<p><img decoding=\"async\" src=\"http:\/\/www.ascorcerizas.com\/central\/060126wp\/wp\/wp-content\/uploads\/2007\/12\/instalacion_ekosol_04.jpg\" alt=\"instalaci\u00f3n caldeira biomasa ekosol\" \/><\/p>\n<p>Cabe destacar a participaci\u00f3n na instalaci\u00f3n da caldeira de dous futuros instaladores profesionais, Carlos e Poli, que logo de formarse no centro de Ekosol e co\u00f1ecer As Corcerizas nunha visita educativa, non dubidaron en participar deste singular evento.<br \/>\nPara eles o noso reco\u00f1ecemento e sinceiro agradecemento pola profesionalidade mostrada e a simpat\u00eda compartida.<\/p>\n<p><img decoding=\"async\" src=\"http:\/\/www.ascorcerizas.com\/central\/060126wp\/wp\/wp-content\/uploads\/2007\/12\/instalacion_ekosol_05.jpg\" alt=\"instalaci\u00f3n caldeira de biomasa ekosol\" \/><br \/>\n<span lang=\"GL\"><\/span><\/p>\n<p><span lang=\"GL\">Agora s\u00f3 resta que vos acheguedes a co\u00f1ecer e disfrutar das instalaci\u00f3ns,  inmersos  nun acolledor  ambiente oto\u00f1al de monta\u00f1a.<\/span><\/p>\n<p>Consulta as galer\u00edas de fotos das instalaci\u00f3ns nos seguintes enlaces:<\/p>\n<ul>\n<li><a href=\"http:\/\/www.amigosdaterra.net\/cmn-album\/main.php?g2_itemId=17293\" title=\"instalaci\u00f3n caldeira de biomasa\" target=\"_blank\">Instalaci\u00f3n caldeira de biomasa<\/a><\/li>\n<li><a href=\"http:\/\/www.amigosdaterra.net\/cmn-album\/main.php?g2_itemId=17149\" title=\"visita curso formaci\u00f3n ekosol\" target=\"_blank\">Visita do curso de formaci\u00f3n Ekosol<\/a><\/li>\n<\/ul>\n","protected":false},"excerpt":{"rendered":"<p>Esperado dende fai moito tempo e conseguido non sen moitos esforzos, As Corcerizas conta xa cun sistema de calefacci\u00f3n activo na aula e no comedor. Iso \u00e9 posible grazas \u00e1 existencia de d\u00faas placas solares t\u00e9rmicas colocadas no mes de agosto por Renergy, e \u00e1 instalaci\u00f3n dunha nova caldeira de biomasa. Totalmente automatizada e instalada [&hellip;]<\/p>\n","protected":false},"author":2,"featured_media":0,"comment_status":"open","ping_status":"open","sticky":false,"template":"","format":"standard","meta":{"jetpack_post_was_ever_published":false,"_jetpack_newsletter_access":"","_jetpack_dont_email_post_to_subs":false,"_jetpack_newsletter_tier_id":0,"_jetpack_memberships_contains_paywalled_content":false,"_jetpack_memberships_contains_paid_content":false,"footnotes":"","jetpack_publicize_message":"","jetpack_publicize_feature_enabled":true,"jetpack_social_post_already_shared":false,"jetpack_social_options":{"image_generator_settings":{"template":"highway","default_image_id":0,"font":"","enabled":false},"version":2}},"categories":[1],"tags":[],"class_list":["post-295","post","type-post","status-publish","format-standard","hentry","category-novas"],"jetpack_publicize_connections":[],"jetpack_featured_media_url":"","jetpack_sharing_enabled":true,"jetpack_shortlink":"https:\/\/wp.me\/p7kmhj-4L","_links":{"self":[{"href":"https:\/\/ascorcerizas.com\/central\/060126wp\/wp\/index.php?rest_route=\/wp\/v2\/posts\/295","targetHints":{"allow":["GET"]}}],"collection":[{"href":"https:\/\/ascorcerizas.com\/central\/060126wp\/wp\/index.php?rest_route=\/wp\/v2\/posts"}],"about":[{"href":"https:\/\/ascorcerizas.com\/central\/060126wp\/wp\/index.php?rest_route=\/wp\/v2\/types\/post"}],"author":[{"embeddable":true,"href":"https:\/\/ascorcerizas.com\/central\/060126wp\/wp\/index.php?rest_route=\/wp\/v2\/users\/2"}],"replies":[{"embeddable":true,"href":"https:\/\/ascorcerizas.com\/central\/060126wp\/wp\/index.php?rest_route=%2Fwp%2Fv2%2Fcomments&post=295"}],"version-history":[{"count":0,"href":"https:\/\/ascorcerizas.com\/central\/060126wp\/wp\/index.php?rest_route=\/wp\/v2\/posts\/295\/revisions"}],"wp:attachment":[{"href":"https:\/\/ascorcerizas.com\/central\/060126wp\/wp\/index.php?rest_route=%2Fwp%2Fv2%2Fmedia&parent=295"}],"wp:term":[{"taxonomy":"category","embeddable":true,"href":"https:\/\/ascorcerizas.com\/central\/060126wp\/wp\/index.php?rest_route=%2Fwp%2Fv2%2Fcategories&post=295"},{"taxonomy":"post_tag","embeddable":true,"href":"https:\/\/ascorcerizas.com\/central\/060126wp\/wp\/index.php?rest_route=%2Fwp%2Fv2%2Ftags&post=295"}],"curies":[{"name":"wp","href":"https:\/\/api.w.org\/{rel}","templated":true}]}}