{"id":290,"date":"2007-11-27T13:32:58","date_gmt":"2007-11-27T12:32:58","guid":{"rendered":"http:\/\/www.ascorcerizas.com\/central\/060126wp\/wp\/?p=290"},"modified":"2007-11-28T10:42:20","modified_gmt":"2007-11-28T09:42:20","slug":"i-xornadas-de-iniciacion-a-micoloxia-e-boas-practicas-no-monte","status":"publish","type":"post","link":"https:\/\/ascorcerizas.com\/central\/060126wp\/wp\/?p=290","title":{"rendered":"I Xornadas de Iniciaci\u00f3n \u00e1 Micolox\u00eda e Boas Pr\u00e1cticas no Monte"},"content":{"rendered":"<p>A fin de semana do 24 e 25 de novembro, celebramos as &#8220;I Xornadas de Iniciaci\u00f3n \u00e1 Micolox\u00eda e Boas Pr\u00e1cticas no Monte&#8221;, .<\/p>\n<p><img loading=\"lazy\" decoding=\"async\" src=\"http:\/\/www.amigosdaterra.net\/cmn-album\/main.php?g2_view=core.DownloadItem&amp;g2_itemId=17421&amp;g2_serialNumber=1\" alt=\"xornadas micol\u00f3xicas\" height=\"375\" width=\"500\" \/><\/p>\n<p>Contamos coa colaboraci\u00f3n de <strong>Juan Jos\u00e9 Mart\u00ednez \u00c1lvarez<\/strong>, especialista na materia e presidente da <a href=\"http:\/\/www.cogordos.com\" target=\"_blank\" title=\"Asociaci\u00f3n Os Cogordos\"><strong>Asociaci\u00f3n Os Cogordos<\/strong><\/a>, quen nos axudou a reco\u00f1ecer aos fungos; dende os comestibles ata os t\u00f3xicos, e incluso velenosos. Aproveitando a sa\u00edda, f\u00edxonos ver a importancia das boas pr\u00e1cticas no monte \u00e1 hora da recolecci\u00f3n, e a s\u00faa relaci\u00f3n coa conservaci\u00f3n dos seus h\u00e1bitats.<\/p>\n<p>A pesar de que as condici\u00f3ns deste outono non fosen as m\u00e1is favorables para os fungos, anim\u00e1monos a sa\u00edr polo monte; e para a nosa sorpresa, atop\u00e1monos con m\u00e1is cantidade de fungos dos que cre\u00edamos.<\/p>\n<p><img decoding=\"async\" src=\"http:\/\/www.ascorcerizas.com\/central\/060126wp\/wp\/wp-content\/uploads\/2007\/11\/xornadas_micoloxia.jpg\" alt=\"xornada_coci\u00f1a_cogumelos\" \/><\/p>\n<p>Para rematar as xornadas, realizamos un obradoiro de coci\u00f1a, onde f\u00edxemos unha exquisita sopa de bamb\u00fa e setas con fideos de arroz, e uns marabillosos macarr\u00f3ns con n\u00edscalos, que nos deixaron a todos\/as co buche cheo!!<\/p>\n<p>Podedes ver e descargar as fotos da fin de semana premendo <a href=\"http:\/\/www.amigosdaterra.net\/cmn-album\/main.php?g2_itemId=17383\" target=\"_blank\" title=\"xornadas_micol\u00f3xicas_galeria_fotos\"> aqui<\/a><\/p>\n","protected":false},"excerpt":{"rendered":"<p>A fin de semana do 24 e 25 de novembro, celebramos as &#8220;I Xornadas de Iniciaci\u00f3n \u00e1 Micolox\u00eda e Boas Pr\u00e1cticas no Monte&#8221;, . Contamos coa colaboraci\u00f3n de Juan Jos\u00e9 Mart\u00ednez \u00c1lvarez, especialista na materia e presidente da Asociaci\u00f3n Os Cogordos, quen nos axudou a reco\u00f1ecer aos fungos; dende os comestibles ata os t\u00f3xicos, e [&hellip;]<\/p>\n","protected":false},"author":2,"featured_media":0,"comment_status":"open","ping_status":"open","sticky":false,"template":"","format":"standard","meta":{"jetpack_post_was_ever_published":false,"_jetpack_newsletter_access":"","_jetpack_dont_email_post_to_subs":false,"_jetpack_newsletter_tier_id":0,"_jetpack_memberships_contains_paywalled_content":false,"_jetpack_memberships_contains_paid_content":false,"footnotes":"","jetpack_publicize_message":"","jetpack_publicize_feature_enabled":true,"jetpack_social_post_already_shared":false,"jetpack_social_options":{"image_generator_settings":{"template":"highway","default_image_id":0,"font":"","enabled":false},"version":2}},"categories":[1],"tags":[],"class_list":["post-290","post","type-post","status-publish","format-standard","hentry","category-novas"],"jetpack_publicize_connections":[],"jetpack_featured_media_url":"","jetpack_sharing_enabled":true,"jetpack_shortlink":"https:\/\/wp.me\/p7kmhj-4G","_links":{"self":[{"href":"https:\/\/ascorcerizas.com\/central\/060126wp\/wp\/index.php?rest_route=\/wp\/v2\/posts\/290","targetHints":{"allow":["GET"]}}],"collection":[{"href":"https:\/\/ascorcerizas.com\/central\/060126wp\/wp\/index.php?rest_route=\/wp\/v2\/posts"}],"about":[{"href":"https:\/\/ascorcerizas.com\/central\/060126wp\/wp\/index.php?rest_route=\/wp\/v2\/types\/post"}],"author":[{"embeddable":true,"href":"https:\/\/ascorcerizas.com\/central\/060126wp\/wp\/index.php?rest_route=\/wp\/v2\/users\/2"}],"replies":[{"embeddable":true,"href":"https:\/\/ascorcerizas.com\/central\/060126wp\/wp\/index.php?rest_route=%2Fwp%2Fv2%2Fcomments&post=290"}],"version-history":[{"count":0,"href":"https:\/\/ascorcerizas.com\/central\/060126wp\/wp\/index.php?rest_route=\/wp\/v2\/posts\/290\/revisions"}],"wp:attachment":[{"href":"https:\/\/ascorcerizas.com\/central\/060126wp\/wp\/index.php?rest_route=%2Fwp%2Fv2%2Fmedia&parent=290"}],"wp:term":[{"taxonomy":"category","embeddable":true,"href":"https:\/\/ascorcerizas.com\/central\/060126wp\/wp\/index.php?rest_route=%2Fwp%2Fv2%2Fcategories&post=290"},{"taxonomy":"post_tag","embeddable":true,"href":"https:\/\/ascorcerizas.com\/central\/060126wp\/wp\/index.php?rest_route=%2Fwp%2Fv2%2Ftags&post=290"}],"curies":[{"name":"wp","href":"https:\/\/api.w.org\/{rel}","templated":true}]}}