{"id":284,"date":"2007-11-15T17:36:51","date_gmt":"2007-11-15T16:36:51","guid":{"rendered":"http:\/\/www.ascorcerizas.com\/central\/060126wp\/wp\/?p=284"},"modified":"2007-11-15T17:40:05","modified_gmt":"2007-11-15T16:40:05","slug":"xornadas-de-micoloxia","status":"publish","type":"post","link":"https:\/\/ascorcerizas.com\/central\/060126wp\/wp\/?p=284","title":{"rendered":"Xornadas de Micolox\u00eda en San Mamede"},"content":{"rendered":"<p>Os d\u00edas <strong>24 e 25 de novembro,<\/strong> ter\u00e1 lugar no Centro de As Corcerizas, as <strong>I XORNADAS de<\/strong> &#8220;<strong>INICIACI\u00d3N \u00c1 MICOL\u00d3XIA E BOAS PR\u00c1CTICAS NO MONTE&#8221;.<\/strong><\/p>\n<p>Organizadas por <a title=\"Amigos da Terra\" href=\"http:\/\/www.amigosdaterra.net\"><u>AMIGOS DA TERRA<\/u><\/a> en colaboraci\u00f3n con <strong>Juan Jos\u00e9 Mart\u00ednez \u00c1lvarez<\/strong>, profesional da materia e presidente da <a target=\"_blank\" title=\"Os Cogordos\" href=\"http:\/\/www.cogordos.com\"><u>Asociaci\u00f3n Micol\u00f3xica Os Cogordos<\/u><\/a>, esta xornada, subvencionada polo Departamento de Medio ambiente do <a target=\"_blank\" href=\"http:\/\/www.ourense.es\/portalOurense\/home.jsp\"><u>Concello de Ourense<\/u><\/a>, vai dirixida a  todas aquelas persoas que estean interesadas en achegarse ao mundo da micolox\u00eda.<\/p>\n<p><img decoding=\"async\" alt=\"Cogumelos\" id=\"image283\" src=\"http:\/\/www.ascorcerizas.com\/central\/060126wp\/wp\/wp-content\/uploads\/2007\/11\/rose_radish_woodland2.jpg\" \/><\/p>\n<p>Sa\u00eddas \u00e1 serra polos arredores das instalaci\u00f3ns, recollida e identificaci\u00f3n dos cogomelos, obradoiro de coci\u00f1a&#8230;, ser\u00e1 unha agradable fin de semana, an\u00edmate!!<\/p>\n<p><strong> <\/strong><\/p>\n<p><strong>Informaci\u00f3n e reservas:<\/strong><br \/>\n988 374 318<br \/>\n<a href=\"mailto:info@ascorcerizas.com\">info@ascorcerizas.com<\/a><\/p>\n<p><strong>Persoa de contacto: Rebeca <\/strong><\/p>\n<p><strong> <\/strong><\/p>\n<p><a href=\"http:\/\/www.ascorcerizas.com\/central\/060126wp\/wp\/?page_id=280\"><strong>INFORMACI\u00d3N AMPLIADA DA XORNADA<\/strong><\/a><\/p>\n","protected":false},"excerpt":{"rendered":"<p>Os d\u00edas 24 e 25 de novembro, ter\u00e1 lugar no Centro de As Corcerizas, as I XORNADAS de &#8220;INICIACI\u00d3N \u00c1 MICOL\u00d3XIA E BOAS PR\u00c1CTICAS NO MONTE&#8221;. Organizadas por AMIGOS DA TERRA en colaboraci\u00f3n con Juan Jos\u00e9 Mart\u00ednez \u00c1lvarez, profesional da materia e presidente da Asociaci\u00f3n Micol\u00f3xica Os Cogordos, esta xornada, subvencionada polo Departamento de Medio [&hellip;]<\/p>\n","protected":false},"author":1,"featured_media":0,"comment_status":"open","ping_status":"open","sticky":false,"template":"","format":"standard","meta":{"jetpack_post_was_ever_published":false,"_jetpack_newsletter_access":"","_jetpack_dont_email_post_to_subs":false,"_jetpack_newsletter_tier_id":0,"_jetpack_memberships_contains_paywalled_content":false,"_jetpack_memberships_contains_paid_content":false,"footnotes":"","jetpack_publicize_message":"","jetpack_publicize_feature_enabled":true,"jetpack_social_post_already_shared":false,"jetpack_social_options":{"image_generator_settings":{"template":"highway","default_image_id":0,"font":"","enabled":false},"version":2}},"categories":[1],"tags":[],"class_list":["post-284","post","type-post","status-publish","format-standard","hentry","category-novas"],"jetpack_publicize_connections":[],"jetpack_featured_media_url":"","jetpack_sharing_enabled":true,"jetpack_shortlink":"https:\/\/wp.me\/p7kmhj-4A","_links":{"self":[{"href":"https:\/\/ascorcerizas.com\/central\/060126wp\/wp\/index.php?rest_route=\/wp\/v2\/posts\/284","targetHints":{"allow":["GET"]}}],"collection":[{"href":"https:\/\/ascorcerizas.com\/central\/060126wp\/wp\/index.php?rest_route=\/wp\/v2\/posts"}],"about":[{"href":"https:\/\/ascorcerizas.com\/central\/060126wp\/wp\/index.php?rest_route=\/wp\/v2\/types\/post"}],"author":[{"embeddable":true,"href":"https:\/\/ascorcerizas.com\/central\/060126wp\/wp\/index.php?rest_route=\/wp\/v2\/users\/1"}],"replies":[{"embeddable":true,"href":"https:\/\/ascorcerizas.com\/central\/060126wp\/wp\/index.php?rest_route=%2Fwp%2Fv2%2Fcomments&post=284"}],"version-history":[{"count":0,"href":"https:\/\/ascorcerizas.com\/central\/060126wp\/wp\/index.php?rest_route=\/wp\/v2\/posts\/284\/revisions"}],"wp:attachment":[{"href":"https:\/\/ascorcerizas.com\/central\/060126wp\/wp\/index.php?rest_route=%2Fwp%2Fv2%2Fmedia&parent=284"}],"wp:term":[{"taxonomy":"category","embeddable":true,"href":"https:\/\/ascorcerizas.com\/central\/060126wp\/wp\/index.php?rest_route=%2Fwp%2Fv2%2Fcategories&post=284"},{"taxonomy":"post_tag","embeddable":true,"href":"https:\/\/ascorcerizas.com\/central\/060126wp\/wp\/index.php?rest_route=%2Fwp%2Fv2%2Ftags&post=284"}],"curies":[{"name":"wp","href":"https:\/\/api.w.org\/{rel}","templated":true}]}}