{"id":245,"date":"2007-09-25T11:21:43","date_gmt":"2007-09-25T10:21:43","guid":{"rendered":"http:\/\/www.ascorcerizas.com\/central\/060126wp\/wp\/?p=245"},"modified":"2007-12-10T14:05:11","modified_gmt":"2007-12-10T13:05:11","slug":"245","status":"publish","type":"post","link":"https:\/\/ascorcerizas.com\/central\/060126wp\/wp\/?p=245","title":{"rendered":"In\u00edciase a 2\u00aa edici\u00f3n do programa ambiental Sentir, Co\u00f1ecer, Actuar"},"content":{"rendered":"<p><a href=\"http:\/\/www.amigosdaterra.net\" target=\"_blank\" title=\"Amigos da Terra\">Amigos da Terra <\/a>arrinca esta semana a II edici\u00f3n do Programa de <strong>educaci\u00f3n ambiental para escolares<\/strong> <a href=\"http:\/\/www.ascorcerizas.com\/central\/060126wp\/wp\/?page_id=237\" target=\"_blank\" title=\"programa de Educaci\u00f3n Ambiental\"><strong>Sentir, Co\u00f1ecer, Actuar<\/strong>.<\/a><\/p>\n<p>A  <strong>Delegaci\u00f3n Provincial de Ourense da Conseller\u00eda de Medio Ambiente e Desenvolvemento Sostible,<\/strong> apoia e subvenciona novamente este programa que xa o ano pasado beneficiou a m\u00e1is de 300 escolares da provincia de Ourense.<\/p>\n<p><img decoding=\"async\" src=\"http:\/\/www.ascorcerizas.com\/central\/060126wp\/wp\/wp-content\/uploads\/2007\/09\/educacion-ambiental.jpg\" id=\"image249\" alt=\"programa e aducaci\u00f3n ambiental\" \/><\/p>\n<p>Actividades sobre enerx\u00edas renovables, residuos, cooperaci\u00f3n, co\u00f1ecemento do medio, conservaci\u00f3n, m\u00fasica e medio ambiente&#8230; encher\u00e1n de contido e experiencias pr\u00e1cticas os <strong>5 programas ofertados<\/strong>:<\/p>\n<ul>\n<li>Unha aposta contra o <strong>cambio clim\u00e1tico<\/strong><\/li>\n<li>A m\u00fasica das monta\u00f1as galegas: <strong>m\u00fasica e medio ambiente<\/strong><\/li>\n<li>Roteiros interpretativos <strong>ambientais e etnogr\u00e1ficos<\/strong><\/li>\n<li>Medio ambiente e <strong>cooperaci\u00f3n ao desenvolvemento<\/strong><\/li>\n<li><strong>O valor dos nosos recursos<\/strong>: programa para escolas rurais unitarias<\/li>\n<\/ul>\n<p><img decoding=\"async\" src=\"http:\/\/www.ascorcerizas.com\/central\/060126wp\/wp\/wp-content\/uploads\/2007\/09\/rota_interpretativa.jpg\" id=\"image250\" alt=\"rota_interpretativa\" \/><\/p>\n<p>Esta 2\u00ba edici\u00f3n incorpora como novidade a <strong>ampliaci\u00f3n do n\u00ba de participantes<\/strong>: 30 para a actividade de m\u00fasica e medio ambiente e 40 para o resto das xornadas.<\/p>\n<p>Xa est\u00e1n abertas as listas de participaci\u00f3n. Non vos demoredes, as <strong>prazas son limitadas<\/strong>!!<\/p>\n<p>Informaci\u00f3n ampliada do programa: <strong><a href=\"http:\/\/www.ascorcerizas.com\/central\/060126wp\/wp\/?page_id=237\" title=\"Programa de Educaci\u00f3n ambiental\">Sentir, Co\u00f1ecer, Actuar<\/a><\/strong><\/p>\n","protected":false},"excerpt":{"rendered":"<p>Amigos da Terra arrinca esta semana a II edici\u00f3n do Programa de educaci\u00f3n ambiental para escolares Sentir, Co\u00f1ecer, Actuar. A Delegaci\u00f3n Provincial de Ourense da Conseller\u00eda de Medio Ambiente e Desenvolvemento Sostible, apoia e subvenciona novamente este programa que xa o ano pasado beneficiou a m\u00e1is de 300 escolares da provincia de Ourense. Actividades sobre [&hellip;]<\/p>\n","protected":false},"author":2,"featured_media":0,"comment_status":"open","ping_status":"open","sticky":false,"template":"","format":"standard","meta":{"jetpack_post_was_ever_published":false,"_jetpack_newsletter_access":"","_jetpack_dont_email_post_to_subs":false,"_jetpack_newsletter_tier_id":0,"_jetpack_memberships_contains_paywalled_content":false,"_jetpack_memberships_contains_paid_content":false,"footnotes":"","jetpack_publicize_message":"","jetpack_publicize_feature_enabled":true,"jetpack_social_post_already_shared":false,"jetpack_social_options":{"image_generator_settings":{"template":"highway","default_image_id":0,"font":"","enabled":false},"version":2}},"categories":[1],"tags":[],"class_list":["post-245","post","type-post","status-publish","format-standard","hentry","category-novas"],"jetpack_publicize_connections":[],"jetpack_featured_media_url":"","jetpack_sharing_enabled":true,"jetpack_shortlink":"https:\/\/wp.me\/s7kmhj-245","_links":{"self":[{"href":"https:\/\/ascorcerizas.com\/central\/060126wp\/wp\/index.php?rest_route=\/wp\/v2\/posts\/245","targetHints":{"allow":["GET"]}}],"collection":[{"href":"https:\/\/ascorcerizas.com\/central\/060126wp\/wp\/index.php?rest_route=\/wp\/v2\/posts"}],"about":[{"href":"https:\/\/ascorcerizas.com\/central\/060126wp\/wp\/index.php?rest_route=\/wp\/v2\/types\/post"}],"author":[{"embeddable":true,"href":"https:\/\/ascorcerizas.com\/central\/060126wp\/wp\/index.php?rest_route=\/wp\/v2\/users\/2"}],"replies":[{"embeddable":true,"href":"https:\/\/ascorcerizas.com\/central\/060126wp\/wp\/index.php?rest_route=%2Fwp%2Fv2%2Fcomments&post=245"}],"version-history":[{"count":0,"href":"https:\/\/ascorcerizas.com\/central\/060126wp\/wp\/index.php?rest_route=\/wp\/v2\/posts\/245\/revisions"}],"wp:attachment":[{"href":"https:\/\/ascorcerizas.com\/central\/060126wp\/wp\/index.php?rest_route=%2Fwp%2Fv2%2Fmedia&parent=245"}],"wp:term":[{"taxonomy":"category","embeddable":true,"href":"https:\/\/ascorcerizas.com\/central\/060126wp\/wp\/index.php?rest_route=%2Fwp%2Fv2%2Fcategories&post=245"},{"taxonomy":"post_tag","embeddable":true,"href":"https:\/\/ascorcerizas.com\/central\/060126wp\/wp\/index.php?rest_route=%2Fwp%2Fv2%2Ftags&post=245"}],"curies":[{"name":"wp","href":"https:\/\/api.w.org\/{rel}","templated":true}]}}