{"id":228,"date":"2007-06-21T11:09:26","date_gmt":"2007-06-21T10:09:26","guid":{"rendered":"http:\/\/www.ascorcerizas.com\/central\/060126wp\/wp\/?p=228"},"modified":"2007-06-21T11:15:33","modified_gmt":"2007-06-21T10:15:33","slug":"campamentos-de-veran-2007","status":"publish","type":"post","link":"https:\/\/ascorcerizas.com\/central\/060126wp\/wp\/?p=228","title":{"rendered":"Campamentos de Ver\u00e1n 2007"},"content":{"rendered":"<p><img decoding=\"async\" align=\"left\" alt=\"Campamentos 2007\" title=\"Campamentos 2007\" src=\"http:\/\/www.amigosdaterra.net\/info\/ascorcerizas\/fotos_conteudo\/cz-01_02_actividade.jpg\" \/>Ach\u00e9gase o ver\u00e1n e, un ano m\u00e1is, <a title=\"Amigos da Terra\" href=\"http:\/\/www.amigosdaterra.net\/\"><strong>Amigos da Terra<\/strong><\/a> acoller\u00e1 a ducias de rapaces e rapazas de diferentes pontos de Galicia, para participar nos campamentos ambientais que ao longo dos meses de Xu\u00f1o, Xullo e agosto se organizan en <em>As Corcerizas<\/em>.<\/p>\n<p><!--more--><br \/>\n<strong>Centro educativo  Isidro Parga<\/strong><br \/>\nDo 25 ao 29 de xu\u00f1o, alumnos\/as do CEIP Isidro Parga (A Coru\u00f1a), animados\/as pola boa experiencia de anos pasados dos\/as seus\/s\u00faas compa\u00f1eiros\/as, pasar\u00e1n os \u00faltimos d\u00edas do curso na Serra de San Mamede. Un sitio excepcional para disfrutar e enriquecerse de experiencias que os\/as manter\u00e1n unidos\/as ata o seu pr\u00f3ximo encontro.<\/p>\n<p><strong>Campamentos do Concello de Santiago<\/strong><br \/>\nDentro da programaci\u00f3n de ver\u00e1n do Concello de Santiago de Compostela, Amigos da Terra organiza dous campamentos de 10 d\u00edas ao longo do mes de xullo.<br \/>\nRotas pola monta\u00f1a, obradoiros ambientais, deportes alternativos, xogos e veladas nocturnas, ser\u00e1n algunhas das actividades mediante as que a equipa acadar\u00e1 os obxectivos marcados para esta campa\u00f1a.<\/p>\n<p>A 1\u00aa quenda (do 2 ao 11 de xullo) acoller\u00e1 a nenos\/as de 8 a 9 anos; a 2\u00aa quenda (do 14 ao 23 de xullo) queda reservada para rapaces\/zas de 10 a 13 anos<\/p>\n<p>M\u00e1is informaci\u00f3n en <a title=\"Campamentos de Ver\u00e1n 2007\" href=\"http:\/\/www.ascorcerizas.com\/central\/060126wp\/wp\/?page_id=224\"><strong>Campamentos de ver\u00e1n 2007<\/strong><\/a><\/p>\n<p><strong>Campamentos do Concello de Pontevedra<\/strong><br \/>\nAmigos da Terra conta cunha equipa con ampla experiencia e cualificaci\u00f3n que a capacita para levar a cabo campamentos ambientais de alta calidade, onde os\/as participantes adquirir\u00e1n co\u00f1ecementos e actitudes de xeito informal, que os\/as capacitar\u00e1n para vivir en coherencia e respecto nunha sociedade de futuro.<\/p>\n<p>A 1\u00aa quenda (do 26 de xullo ao 4 de agosto) acoller\u00e1 a nenos\/as de 9 a 11 anos; a 2\u00aa quenda (do 21 ao 30 de agosto) queda reservada para rapaces\/zas de 12 a 14 anos<\/p>\n<p>M\u00e1is informaci\u00f3n en <a title=\"Campamentos de Ver\u00e1n 2007\" href=\"http:\/\/www.ascorcerizas.com\/central\/060126wp\/wp\/?page_id=224\"><strong>Campamentos de ver\u00e1n 2007<\/strong><\/a><\/p>\n","protected":false},"excerpt":{"rendered":"<p>Ach\u00e9gase o ver\u00e1n e, un ano m\u00e1is, Amigos da Terra acoller\u00e1 a ducias de rapaces e rapazas de diferentes pontos de Galicia, para participar nos campamentos ambientais que ao longo dos meses de Xu\u00f1o, Xullo e agosto se organizan en As Corcerizas.<\/p>\n","protected":false},"author":1,"featured_media":0,"comment_status":"open","ping_status":"open","sticky":false,"template":"","format":"standard","meta":{"jetpack_post_was_ever_published":false,"_jetpack_newsletter_access":"","_jetpack_dont_email_post_to_subs":false,"_jetpack_newsletter_tier_id":0,"_jetpack_memberships_contains_paywalled_content":false,"_jetpack_memberships_contains_paid_content":false,"footnotes":"","jetpack_publicize_message":"","jetpack_publicize_feature_enabled":true,"jetpack_social_post_already_shared":false,"jetpack_social_options":{"image_generator_settings":{"template":"highway","default_image_id":0,"font":"","enabled":false},"version":2}},"categories":[2],"tags":[],"class_list":["post-228","post","type-post","status-publish","format-standard","hentry","category-novas-sobre-actividades"],"jetpack_publicize_connections":[],"jetpack_featured_media_url":"","jetpack_sharing_enabled":true,"jetpack_shortlink":"https:\/\/wp.me\/p7kmhj-3G","_links":{"self":[{"href":"https:\/\/ascorcerizas.com\/central\/060126wp\/wp\/index.php?rest_route=\/wp\/v2\/posts\/228","targetHints":{"allow":["GET"]}}],"collection":[{"href":"https:\/\/ascorcerizas.com\/central\/060126wp\/wp\/index.php?rest_route=\/wp\/v2\/posts"}],"about":[{"href":"https:\/\/ascorcerizas.com\/central\/060126wp\/wp\/index.php?rest_route=\/wp\/v2\/types\/post"}],"author":[{"embeddable":true,"href":"https:\/\/ascorcerizas.com\/central\/060126wp\/wp\/index.php?rest_route=\/wp\/v2\/users\/1"}],"replies":[{"embeddable":true,"href":"https:\/\/ascorcerizas.com\/central\/060126wp\/wp\/index.php?rest_route=%2Fwp%2Fv2%2Fcomments&post=228"}],"version-history":[{"count":0,"href":"https:\/\/ascorcerizas.com\/central\/060126wp\/wp\/index.php?rest_route=\/wp\/v2\/posts\/228\/revisions"}],"wp:attachment":[{"href":"https:\/\/ascorcerizas.com\/central\/060126wp\/wp\/index.php?rest_route=%2Fwp%2Fv2%2Fmedia&parent=228"}],"wp:term":[{"taxonomy":"category","embeddable":true,"href":"https:\/\/ascorcerizas.com\/central\/060126wp\/wp\/index.php?rest_route=%2Fwp%2Fv2%2Fcategories&post=228"},{"taxonomy":"post_tag","embeddable":true,"href":"https:\/\/ascorcerizas.com\/central\/060126wp\/wp\/index.php?rest_route=%2Fwp%2Fv2%2Ftags&post=228"}],"curies":[{"name":"wp","href":"https:\/\/api.w.org\/{rel}","templated":true}]}}