{"id":205,"date":"2007-05-04T22:44:57","date_gmt":"2007-05-04T21:44:57","guid":{"rendered":"http:\/\/www.ascorcerizas.com\/central\/060126wp\/wp\/?p=205"},"modified":"2007-06-01T16:56:30","modified_gmt":"2007-06-01T15:56:30","slug":"caminando-ao-son-das-montanas-galegas","status":"publish","type":"post","link":"https:\/\/ascorcerizas.com\/central\/060126wp\/wp\/?p=205","title":{"rendered":"Cami\u00f1ando ao Son das Monta\u00f1as Galegas"},"content":{"rendered":"<p>A pasada fin de semana p\u00fa\u00f1ase en marcha nas Corcerizas o programa de visitas  guiadas de fin de semana <strong>Cami\u00f1ando ao son das monta\u00f1as galegas.<\/strong><\/p>\n<p>A chegada ao anoitecer logo da viaxe, para alg\u00fans m\u00e1is rota de aventura que viaxe, foi seguida dunha estupenda cea ecol\u00f3xica e unha reconfortante noite no albergue.<\/p>\n<p>Os alimentos procedentes da agricultura ecol\u00f3xica, os edificios saudables e un entorno lonxe da contaminaci\u00f3n das urbes, recarg\u00e1ronnos de enerx\u00eda para afrontar con alegr\u00eda e ilusi\u00f3n a rota que, atravesando \u00e1 Serra de San Mamede, nos levou ata do Bidueiral de Montederramo.<\/p>\n<p><img decoding=\"async\" title=\"Naturalmente Galiza\" alt=\"Naturalmente Galiza\" src=\"http:\/\/amigosdaterra.net\/cmn-album\/main.php?g2_view=core.DownloadItem&#038;g2_itemId=11864&#038;g2_serialNumber=1\" \/><\/p>\n<p>O rexurdir da primaveira, sempre m\u00e1is tard\u00eda na alta monta\u00f1a, o interese e curiosidade do grupo, e o singular do entorno, foron un constante aliciente durante a rota que rematou nos arredores do mosteiro de Montederramo.<\/p>\n<p><img decoding=\"async\" title=\"Naturalmente Galiza\" alt=\"Naturalmente Galiza\" src=\"http:\/\/amigosdaterra.net\/cmn-album\/main.php?g2_view=core.DownloadItem&#038;g2_itemId=11878&#038;g2_serialNumber=1\" \/><\/p>\n<p>As\/os participantes sempre o tiveron claro: mellor un futuro prometedor que o  pasado co\u00f1ecido; non si?<\/p>\n<p>E chegou o domingo&#8230; espectantes ante a actividade de m\u00fasica e medio ambiente que Nacho (Conservatorio de M\u00fasica Folque e tradicional de Lal\u00edn) nos ti\u00f1a preparada, pux\u00e9monos en acci\u00f3n na busca de elementos do entorno cos que xerar alg\u00fan tipo de son&#8230; ou ruido.<\/p>\n<p><img decoding=\"async\" title=\"Naturalmente Galiza\" alt=\"Naturalmente Galiza\" src=\"http:\/\/amigosdaterra.net\/cmn-album\/main.php?g2_view=core.DownloadItem&#038;g2_itemId=11980&#038;g2_serialNumber=1\" \/><\/p>\n<p>Txalaparta con caixas ni\u00f1o e troncos, flautas con botellas, composteiro convertido en baixo, culleres, globos, papeis, pedras, vasos&#8230;todo era v\u00e1lido para dar corpo a composici\u00f3n musical final.<\/p>\n<p><img decoding=\"async\" title=\"Naturalmente Galiza\" alt=\"Naturalmente Galiza\" src=\"http:\/\/amigosdaterra.net\/cmn-album\/main.php?g2_view=core.DownloadItem&#038;g2_itemId=12120&#038;g2_serialNumber=1\" \/><\/p>\n<p>Unha simp\u00e1tica e agradecida aperta para o grupo.<\/p>\n<p>[<a title=\"Naturalmente Galiza\" href=\"http:\/\/www.amigosdaterra.net\/cmn-album\/main.php?g2_itemId=11439\">Fotograf\u00edas da Actividade<\/a>]<\/p>\n<p>Para  todos\/as v\u00f3s que non estiv\u00e9chedes, anim\u00e1devos a participar.<\/p>\n<p>\u00daltimas prazas 11, 12 e 13  e 18, 19 e 20 de maio<\/p>\n","protected":false},"excerpt":{"rendered":"<p>A pasada fin de semana p\u00fa\u00f1ase en marcha nas Corcerizas o programa de visitas guiadas de fin de semana Cami\u00f1ando ao son das monta\u00f1as galegas. A chegada ao anoitecer logo da viaxe, para alg\u00fans m\u00e1is rota de aventura que viaxe, foi seguida dunha estupenda cea ecol\u00f3xica e unha reconfortante noite no albergue. Os alimentos procedentes [&hellip;]<\/p>\n","protected":false},"author":1,"featured_media":0,"comment_status":"open","ping_status":"open","sticky":false,"template":"","format":"standard","meta":{"jetpack_post_was_ever_published":false,"_jetpack_newsletter_access":"","_jetpack_dont_email_post_to_subs":false,"_jetpack_newsletter_tier_id":0,"_jetpack_memberships_contains_paywalled_content":false,"_jetpack_memberships_contains_paid_content":false,"footnotes":"","jetpack_publicize_message":"","jetpack_publicize_feature_enabled":true,"jetpack_social_post_already_shared":false,"jetpack_social_options":{"image_generator_settings":{"template":"highway","default_image_id":0,"font":"","enabled":false},"version":2}},"categories":[2],"tags":[],"class_list":["post-205","post","type-post","status-publish","format-standard","hentry","category-novas-sobre-actividades"],"jetpack_publicize_connections":[],"jetpack_featured_media_url":"","jetpack_sharing_enabled":true,"jetpack_shortlink":"https:\/\/wp.me\/p7kmhj-3j","_links":{"self":[{"href":"https:\/\/ascorcerizas.com\/central\/060126wp\/wp\/index.php?rest_route=\/wp\/v2\/posts\/205","targetHints":{"allow":["GET"]}}],"collection":[{"href":"https:\/\/ascorcerizas.com\/central\/060126wp\/wp\/index.php?rest_route=\/wp\/v2\/posts"}],"about":[{"href":"https:\/\/ascorcerizas.com\/central\/060126wp\/wp\/index.php?rest_route=\/wp\/v2\/types\/post"}],"author":[{"embeddable":true,"href":"https:\/\/ascorcerizas.com\/central\/060126wp\/wp\/index.php?rest_route=\/wp\/v2\/users\/1"}],"replies":[{"embeddable":true,"href":"https:\/\/ascorcerizas.com\/central\/060126wp\/wp\/index.php?rest_route=%2Fwp%2Fv2%2Fcomments&post=205"}],"version-history":[{"count":0,"href":"https:\/\/ascorcerizas.com\/central\/060126wp\/wp\/index.php?rest_route=\/wp\/v2\/posts\/205\/revisions"}],"wp:attachment":[{"href":"https:\/\/ascorcerizas.com\/central\/060126wp\/wp\/index.php?rest_route=%2Fwp%2Fv2%2Fmedia&parent=205"}],"wp:term":[{"taxonomy":"category","embeddable":true,"href":"https:\/\/ascorcerizas.com\/central\/060126wp\/wp\/index.php?rest_route=%2Fwp%2Fv2%2Fcategories&post=205"},{"taxonomy":"post_tag","embeddable":true,"href":"https:\/\/ascorcerizas.com\/central\/060126wp\/wp\/index.php?rest_route=%2Fwp%2Fv2%2Ftags&post=205"}],"curies":[{"name":"wp","href":"https:\/\/api.w.org\/{rel}","templated":true}]}}