{"id":198,"date":"2007-04-11T09:54:29","date_gmt":"2007-04-11T08:54:29","guid":{"rendered":"http:\/\/www.ascorcerizas.com\/central\/060126wp\/wp\/?p=198"},"modified":"2007-04-13T16:54:47","modified_gmt":"2007-04-13T15:54:47","slug":"campamento-de-semana-santa","status":"publish","type":"post","link":"https:\/\/ascorcerizas.com\/central\/060126wp\/wp\/?p=198","title":{"rendered":"Campamento de Semana Santa 2007"},"content":{"rendered":"<p>Do 1 ao 3 de abril, Amigos da Terra acolleu nenos e nenas do <strong>Concello de Tomi\u00f1o <\/strong>en As Corcerizas. Ti\u00f1an entre 6 e 13 anos e, mediante a xesti\u00f3n da Oficina Municipal de Informaci\u00f3n Xuvenil (OMIX), empezaban as <strong>vacaci\u00f3ns de Semana Santa<\/strong> con n\u00f3s.<\/p>\n<p>As\u00ed foi como Thomas, voluntario europeo de Amigos da Terra, percibiou esta experiencia:<\/p>\n<p><span class=\"texte\">A programaci\u00f3n das actividades era unha maneira de:<\/span><\/p>\n<p><img decoding=\"async\" align=\"left\" id=\"image195\" alt=\"campamento semana santa Tomi\u00f1o\" src=\"http:\/\/www.ascorcerizas.com\/central\/060126wp\/wp\/wp-content\/uploads\/2007\/04\/07_04_01_Cmp_Tominho_01_.jpg\" \/>Descubrir o <strong>patrimonio natural<\/strong> a trav\u00e9s de rotas de sendeirismo e actividades no exterior.<\/p>\n<p><span class=\"texte\">Adquirir, de xeito l\u00fadico, co\u00f1ecementos sobre <strong>res\u00edduos, compostaxe<\/strong>, <strong>bioconstrucion<\/strong> e c<\/span>o\u00f1ecer e experimentar en primerira persoa os beneficios das <strong>enerx\u00edas renovables<\/strong>.<\/p>\n<p><img decoding=\"async\" align=\"right\" id=\"image196\" alt=\"campamento semana santa Tomi\u00f1o\" src=\"http:\/\/www.ascorcerizas.com\/central\/060126wp\/wp\/wp-content\/uploads\/2007\/04\/07_04_01_Cmp_Tominho_02_.jpg\" \/><\/p>\n<p align=\"left\">Unhas instalaci\u00f3ns ecol\u00f3xicas nun entorno de alta monta\u00f1a, xunto co experimentado equipo de monitores\/as de Galicia Tempo Libre, fixo posible que os\/as nenos\/as puideran gozar dunha estancia educativa e un tanto singular na Serra San Mamede.<\/p>\n<p><img decoding=\"async\" alt=\"Campamento Semana Santa Tomi\u00f1o\" id=\"image199\" src=\"http:\/\/www.ascorcerizas.com\/central\/060126wp\/wp\/wp-content\/uploads\/2007\/04\/07_04_01_Cmp_Tominho_03_.jpg\" \/><\/p>\n<p>&#8220;O ambiente do campamento era moi feliz. As\/os nenas\/os, gostaron moito das instalaci\u00f3ns, o contacto coa natureza e volveron a casa cunha apertura ambiental que poder\u00e1n usar diariamente&#8221;.<\/p>\n<p>[<a title=\"Campamentos de Semana Santa\" href=\"http:\/\/amigosdaterra.net\/cmn-album\/main.php?g2_itemId=10990\">Fotograf\u00edas da Actividade<\/a>]<\/p>\n","protected":false},"excerpt":{"rendered":"<p>Do 1 ao 3 de abril, Amigos da Terra acolleu nenos e nenas do Concello de Tomi\u00f1o en As Corcerizas. Ti\u00f1an entre 6 e 13 anos e, mediante a xesti\u00f3n da Oficina Municipal de Informaci\u00f3n Xuvenil (OMIX), empezaban as vacaci\u00f3ns de Semana Santa con n\u00f3s. As\u00ed foi como Thomas, voluntario europeo de Amigos da Terra, [&hellip;]<\/p>\n","protected":false},"author":2,"featured_media":0,"comment_status":"open","ping_status":"open","sticky":false,"template":"","format":"standard","meta":{"jetpack_post_was_ever_published":false,"_jetpack_newsletter_access":"","_jetpack_dont_email_post_to_subs":false,"_jetpack_newsletter_tier_id":0,"_jetpack_memberships_contains_paywalled_content":false,"_jetpack_memberships_contains_paid_content":false,"footnotes":"","jetpack_publicize_message":"","jetpack_publicize_feature_enabled":true,"jetpack_social_post_already_shared":false,"jetpack_social_options":{"image_generator_settings":{"template":"highway","default_image_id":0,"font":"","enabled":false},"version":2}},"categories":[1],"tags":[],"class_list":["post-198","post","type-post","status-publish","format-standard","hentry","category-novas"],"jetpack_publicize_connections":[],"jetpack_featured_media_url":"","jetpack_sharing_enabled":true,"jetpack_shortlink":"https:\/\/wp.me\/p7kmhj-3c","_links":{"self":[{"href":"https:\/\/ascorcerizas.com\/central\/060126wp\/wp\/index.php?rest_route=\/wp\/v2\/posts\/198","targetHints":{"allow":["GET"]}}],"collection":[{"href":"https:\/\/ascorcerizas.com\/central\/060126wp\/wp\/index.php?rest_route=\/wp\/v2\/posts"}],"about":[{"href":"https:\/\/ascorcerizas.com\/central\/060126wp\/wp\/index.php?rest_route=\/wp\/v2\/types\/post"}],"author":[{"embeddable":true,"href":"https:\/\/ascorcerizas.com\/central\/060126wp\/wp\/index.php?rest_route=\/wp\/v2\/users\/2"}],"replies":[{"embeddable":true,"href":"https:\/\/ascorcerizas.com\/central\/060126wp\/wp\/index.php?rest_route=%2Fwp%2Fv2%2Fcomments&post=198"}],"version-history":[{"count":0,"href":"https:\/\/ascorcerizas.com\/central\/060126wp\/wp\/index.php?rest_route=\/wp\/v2\/posts\/198\/revisions"}],"wp:attachment":[{"href":"https:\/\/ascorcerizas.com\/central\/060126wp\/wp\/index.php?rest_route=%2Fwp%2Fv2%2Fmedia&parent=198"}],"wp:term":[{"taxonomy":"category","embeddable":true,"href":"https:\/\/ascorcerizas.com\/central\/060126wp\/wp\/index.php?rest_route=%2Fwp%2Fv2%2Fcategories&post=198"},{"taxonomy":"post_tag","embeddable":true,"href":"https:\/\/ascorcerizas.com\/central\/060126wp\/wp\/index.php?rest_route=%2Fwp%2Fv2%2Ftags&post=198"}],"curies":[{"name":"wp","href":"https:\/\/api.w.org\/{rel}","templated":true}]}}