{"id":19,"date":"2006-02-14T12:55:43","date_gmt":"2006-02-14T11:55:43","guid":{"rendered":"http:\/\/www.ascorcerizas.com\/central\/060126wp\/wp\/?p=19"},"modified":"2006-02-15T19:52:37","modified_gmt":"2006-02-15T18:52:37","slug":"dia-mundial-da-enerxia","status":"publish","type":"post","link":"https:\/\/ascorcerizas.com\/central\/060126wp\/wp\/?p=19","title":{"rendered":"D\u00eda Mundial da Enerx\u00eda"},"content":{"rendered":"<p>Amigos da Terra encontra este d\u00eda moi axeitado para lembrar \u00e1 cidadan\u00eda e \u00f3s gobernos que son moitas as acci\u00f3ns que se poden ir tomando para un cambio nas pol\u00edticas de uso de enerx\u00eda. As reservas enerx\u00e9ticas que tardaron en formarse miles de anos se consumen en cuesti\u00f3n de minutos e van disminu\u00edndo a un ritmo imparable. A queima dos combustibles f\u00f3siles para a producci\u00f3n de enerx\u00eda el\u00e9ctrica ten 31 veces m\u00e1is impactos ambientais que a s\u00faa obtenci\u00f3n a trav\u00e9s de enerx\u00edas renovables, e unha das repercusi\u00f3ns m\u00e1is preocupantes \u00e9 a realidade do cambio clim\u00e1tico.<\/p>\n<p><img decoding=\"async\" src=\"http:\/\/www.ascorcerizas.com\/central\/060126wp\/wp\/wp-content\/images_2006\/dia-da-enerxia.jpg\" alt=\"D\u00eda Mundial da Enerx\u00eda\" \/><\/p>\n<p>As pol\u00edticas cada vez m\u00e1is sectoriais (medioambente, enerx\u00eda, transporte,..) necesitan dun enfoque integrador para acadar un obxectivo com\u00fan: a diversificaci\u00f3n e o aforro enerx\u00e9tico. Faise necesario un cambio hacia un sistema enerx\u00e9tico sostible baseado no fomento das enerx\u00edas renovables e do aforro enerx\u00e9tico.<\/p>\n<p>\u201cO incesante aumento de consumo enerx\u00e9tico co que se mant\u00e9n a sociedade est\u00e1 acabando co capital natural. Cons\u00famese m\u00e1is do que se disp\u00f3n a costa de que noutros lugares do mundo cons\u00famese menos do que se pos\u00fae. Cumpre un consumo responsable e sostible que tenda \u00f3 autoabastecemento, o que vai ser beneficioso para o noso peto e o dos gobernos, para a calidade de vida e por suposto para o medioambiente, no que se reducir\u00eda o impacto do consumo de recursos naturais non renovables e a emisi\u00f3n de gases de efecto invernadoiro e causa do cambio clim\u00e1tico\u201d.<\/p>\n<p>Atop\u00e1monos ante un reto de cambio a corto prazo, e para acadalo desde Amigos da Terra consideramos que a peza fundamental para conseguir cambios reais e efectivos \u00e9 a <strong>concienciaci\u00f3n e a sensibilizaci\u00f3n ambiental <\/strong>como v\u00eda para acadar o necesario e urxente aforro enerx\u00e9tico.<\/p>\n<p>Por iso esiximos \u00e1 Administraci\u00f3n que act\u00fae nesta li\u00f1a e outras, como crear incentivos de aforro enerx\u00e9tico, crear e aumentar as subvenci\u00f3ns para a  bioconstrucci\u00f3n e instalaci\u00f3n de paneis solares nas vivendas, crear cargas fiscais ao consumo de enerx\u00edas convencionais e disminuir outros impostos ao uso de enerx\u00edas renovables.<\/p>\n","protected":false},"excerpt":{"rendered":"<p>Amigos da Terra encontra este d\u00eda moi axeitado para lembrar \u00e1 cidadan\u00eda e \u00f3s gobernos que son moitas as acci\u00f3ns que se poden ir tomando para un cambio nas pol\u00edticas de uso de enerx\u00eda. As reservas enerx\u00e9ticas que tardaron en formarse miles de anos se consumen en cuesti\u00f3n de minutos e van disminu\u00edndo a un [&hellip;]<\/p>\n","protected":false},"author":2,"featured_media":0,"comment_status":"closed","ping_status":"closed","sticky":false,"template":"","format":"standard","meta":{"jetpack_post_was_ever_published":false,"_jetpack_newsletter_access":"","_jetpack_dont_email_post_to_subs":false,"_jetpack_newsletter_tier_id":0,"_jetpack_memberships_contains_paywalled_content":false,"_jetpack_memberships_contains_paid_content":false,"footnotes":"","jetpack_publicize_message":"","jetpack_publicize_feature_enabled":true,"jetpack_social_post_already_shared":false,"jetpack_social_options":{"image_generator_settings":{"template":"highway","default_image_id":0,"font":"","enabled":false},"version":2}},"categories":[5],"tags":[],"class_list":["post-19","post","type-post","status-publish","format-standard","hentry","category-enerxias-renovabeis"],"jetpack_publicize_connections":[],"jetpack_featured_media_url":"","jetpack_sharing_enabled":true,"jetpack_shortlink":"https:\/\/wp.me\/p7kmhj-j","_links":{"self":[{"href":"https:\/\/ascorcerizas.com\/central\/060126wp\/wp\/index.php?rest_route=\/wp\/v2\/posts\/19","targetHints":{"allow":["GET"]}}],"collection":[{"href":"https:\/\/ascorcerizas.com\/central\/060126wp\/wp\/index.php?rest_route=\/wp\/v2\/posts"}],"about":[{"href":"https:\/\/ascorcerizas.com\/central\/060126wp\/wp\/index.php?rest_route=\/wp\/v2\/types\/post"}],"author":[{"embeddable":true,"href":"https:\/\/ascorcerizas.com\/central\/060126wp\/wp\/index.php?rest_route=\/wp\/v2\/users\/2"}],"replies":[{"embeddable":true,"href":"https:\/\/ascorcerizas.com\/central\/060126wp\/wp\/index.php?rest_route=%2Fwp%2Fv2%2Fcomments&post=19"}],"version-history":[{"count":0,"href":"https:\/\/ascorcerizas.com\/central\/060126wp\/wp\/index.php?rest_route=\/wp\/v2\/posts\/19\/revisions"}],"wp:attachment":[{"href":"https:\/\/ascorcerizas.com\/central\/060126wp\/wp\/index.php?rest_route=%2Fwp%2Fv2%2Fmedia&parent=19"}],"wp:term":[{"taxonomy":"category","embeddable":true,"href":"https:\/\/ascorcerizas.com\/central\/060126wp\/wp\/index.php?rest_route=%2Fwp%2Fv2%2Fcategories&post=19"},{"taxonomy":"post_tag","embeddable":true,"href":"https:\/\/ascorcerizas.com\/central\/060126wp\/wp\/index.php?rest_route=%2Fwp%2Fv2%2Ftags&post=19"}],"curies":[{"name":"wp","href":"https:\/\/api.w.org\/{rel}","templated":true}]}}