{"id":179,"date":"2007-04-05T12:17:06","date_gmt":"2007-04-05T11:17:06","guid":{"rendered":"http:\/\/www.ascorcerizas.com\/central\/060126wp\/wp\/?p=179"},"modified":"2007-04-10T12:18:43","modified_gmt":"2007-04-10T11:18:43","slug":"naturalmente-galiza_caminando-ao-son-das-montanas","status":"publish","type":"post","link":"https:\/\/ascorcerizas.com\/central\/060126wp\/wp\/?p=179","title":{"rendered":"Naturalmente Galiza :: Cami\u00f1ando ao son das monta\u00f1as"},"content":{"rendered":"<p>Dentro do programa de visitas guiadas de fin de semana <strong>\u201cNaturalmente Galiza\u201d<\/strong>, promovido pola Direcci\u00f3n Xeral de Xuventude e Solidariedade, Amigos da Terra desenvolver\u00e1 durante os meses de abril e maio o programa:<br \/>\n<strong><br \/>\nCami\u00f1ando ao son das monta\u00f1as galegas.<\/strong><br \/>\nCumios orquestrados polo vento, cami\u00f1os atravesando da serra, casas sostibles&#8230; Olla, goza, escoita, comp\u00f3n e co\u00f1ece os cantos da natureza, dende ela ou por ela.<\/p>\n<p><img decoding=\"async\" id=\"image189\" alt=\"Bidueiral Montederramo\" src=\"http:\/\/www.ascorcerizas.com\/central\/060126wp\/wp\/wp-content\/uploads\/2007\/04\/Rota_Bidueiral_montederramo.jpg\" \/><\/p>\n<p>As actividades incl\u00faen un roteiro polo Macizo Central Ourens\u00e1n, adentr\u00e1ndose no \u201cBidueiral de Montederramo\u201d (Rede Natura 2000), a visita interpretativa polas instalaci\u00f3ns e estancia no singular Centro de As Corcerizas, e obradoiros de m\u00fasica e medio ambiente.<\/p>\n<p>Para a realizaci\u00f3n dos obradoiros de m\u00fasica, contaremos coa colaboraci\u00f3n do <a title=\"conservatorio de musica tradicional e folque de Lal\u00edn\" href=\"http:\/\/www.folque.com\/cmn-wp\/\">Conservatorio de M\u00fasica Tradicional e Folque de Lal\u00edn<\/a><\/p>\n<p>Para m\u00e1is informaci\u00f3n consulta o Programa: <a title=\"Naturalmente Galiza\" href=\"http:\/\/www.ascorcerizas.com\/central\/060126wp\/wp\/?page_id=180\"><strong>Naturalmente Galiza<\/strong><\/a>. Apertura do prazo de inscrici\u00f3n o <u>4 de abril<\/u>. Prazas limitadas!<\/p>\n","protected":false},"excerpt":{"rendered":"<p>Dentro do programa de visitas guiadas de fin de semana \u201cNaturalmente Galiza\u201d, promovido pola Direcci\u00f3n Xeral de Xuventude e Solidariedade, Amigos da Terra desenvolver\u00e1 durante os meses de abril e maio o programa: Cami\u00f1ando ao son das monta\u00f1as galegas. Cumios orquestrados polo vento, cami\u00f1os atravesando da serra, casas sostibles&#8230; Olla, goza, escoita, comp\u00f3n e co\u00f1ece [&hellip;]<\/p>\n","protected":false},"author":1,"featured_media":0,"comment_status":"open","ping_status":"open","sticky":false,"template":"","format":"standard","meta":{"jetpack_post_was_ever_published":false,"_jetpack_newsletter_access":"","_jetpack_dont_email_post_to_subs":false,"_jetpack_newsletter_tier_id":0,"_jetpack_memberships_contains_paywalled_content":false,"_jetpack_memberships_contains_paid_content":false,"footnotes":"","jetpack_publicize_message":"","jetpack_publicize_feature_enabled":true,"jetpack_social_post_already_shared":false,"jetpack_social_options":{"image_generator_settings":{"template":"highway","default_image_id":0,"font":"","enabled":false},"version":2}},"categories":[2],"tags":[],"class_list":["post-179","post","type-post","status-publish","format-standard","hentry","category-novas-sobre-actividades"],"jetpack_publicize_connections":[],"jetpack_featured_media_url":"","jetpack_sharing_enabled":true,"jetpack_shortlink":"https:\/\/wp.me\/p7kmhj-2T","_links":{"self":[{"href":"https:\/\/ascorcerizas.com\/central\/060126wp\/wp\/index.php?rest_route=\/wp\/v2\/posts\/179","targetHints":{"allow":["GET"]}}],"collection":[{"href":"https:\/\/ascorcerizas.com\/central\/060126wp\/wp\/index.php?rest_route=\/wp\/v2\/posts"}],"about":[{"href":"https:\/\/ascorcerizas.com\/central\/060126wp\/wp\/index.php?rest_route=\/wp\/v2\/types\/post"}],"author":[{"embeddable":true,"href":"https:\/\/ascorcerizas.com\/central\/060126wp\/wp\/index.php?rest_route=\/wp\/v2\/users\/1"}],"replies":[{"embeddable":true,"href":"https:\/\/ascorcerizas.com\/central\/060126wp\/wp\/index.php?rest_route=%2Fwp%2Fv2%2Fcomments&post=179"}],"version-history":[{"count":0,"href":"https:\/\/ascorcerizas.com\/central\/060126wp\/wp\/index.php?rest_route=\/wp\/v2\/posts\/179\/revisions"}],"wp:attachment":[{"href":"https:\/\/ascorcerizas.com\/central\/060126wp\/wp\/index.php?rest_route=%2Fwp%2Fv2%2Fmedia&parent=179"}],"wp:term":[{"taxonomy":"category","embeddable":true,"href":"https:\/\/ascorcerizas.com\/central\/060126wp\/wp\/index.php?rest_route=%2Fwp%2Fv2%2Fcategories&post=179"},{"taxonomy":"post_tag","embeddable":true,"href":"https:\/\/ascorcerizas.com\/central\/060126wp\/wp\/index.php?rest_route=%2Fwp%2Fv2%2Ftags&post=179"}],"curies":[{"name":"wp","href":"https:\/\/api.w.org\/{rel}","templated":true}]}}