{"id":171,"date":"2007-04-05T11:31:37","date_gmt":"2007-04-05T10:31:37","guid":{"rendered":"http:\/\/www.ascorcerizas.com\/central\/060126wp\/wp\/?p=171"},"modified":"2007-04-12T15:33:43","modified_gmt":"2007-04-12T14:33:43","slug":"exitosa-aterraxe-do-aeroxerador-polska-zefir-6","status":"publish","type":"post","link":"https:\/\/ascorcerizas.com\/central\/060126wp\/wp\/?p=171","title":{"rendered":"Exitosa aterraxe do Aeroxerador Polska Zefir6"},"content":{"rendered":"<p>Mantendo a li\u00f1a marcada por Amigos da Terra de <strong>educaci\u00f3n pr\u00e1ctica para sostibilidade e coherencia do equipamento<\/strong>, As Corcerizas da un paso m\u00e1is adiante no seu sistema enerx\u00e9tico ao instalar o aeroxerador Zefir 6.<\/p>\n<p>Construido &#8220;a medida&#8221; polo equipo do <strong>Doutor Zaber<\/strong> (Polonia), instalado en As Corcerizas por <strong>Montaxes Lagoa<\/strong> (Lugo), e apoiado pola Conseller\u00eda de Innovaci\u00f3n e Industria e o <strong>Instituo Enerx\u00e9tico de Galicia<\/strong>,  o Zefir 6 \u00e9 hoxe en d\u00eda un prototipo de pequena potencia (5 kw) \u00fanico no mercado.<\/p>\n<p>Capaz de iniciar a s\u00faa produci\u00f3n con ventos de baixa velocidade e dotado dun <strong>sistema de frenado activo<\/strong>, este aeroxerador pres\u00e9ntase coma a soluci\u00f3n ideal para facer fronte \u00e1s duras e variables condici\u00f3ns atmosf\u00e9ricas do alto da Serra de San Mamede.<\/p>\n<p>Nin a distancia, nin a neve, nin a altura, puxeron freo a este ilusionante e tan esperado momento.<\/p>\n<p>As fotos falan por si soas.<\/p>\n<p><img decoding=\"async\" alt=\"Instalaci\u00f3n Aeroxerador Zefir 6\" id=\"image172\" src=\"http:\/\/www.ascorcerizas.com\/central\/060126wp\/wp\/wp-content\/uploads\/2007\/04\/instalacion_zefir_001.jpg\" \/><\/p>\n<p class=\"letra-pequena\">Sorrisos e algo de nervios ao paso de Zefir por As Corcerizas.<br \/>\nNa foto podedes ver a Suso (Montaxes Lagoa), a Marine (voluntaria de Amigos da Terra), a Christopher (t\u00e9cnico de Polonia), o Doutor Zaber (o pai da criatura), e Thomas (voluntario de Amigos da Terra).<\/p>\n<p><img decoding=\"async\" alt=\"Instalaci\u00f3n Aeroxerador Zefir 6\" id=\"image173\" src=\"http:\/\/www.ascorcerizas.com\/central\/060126wp\/wp\/wp-content\/uploads\/2007\/04\/instalacion_zefir_002.jpg\" \/><\/p>\n<p class=\"letra-pequena\">Fr\u00eda ma\u00f1\u00e1 a do 27 de marzo&#8230; fri\u00edsima.<br \/>\nO transporte pola pista forestal ata o &#8220;Penedo da Lebre&#8221; (ponto de ubicaci\u00f3n do aeroxerador) non tivo maior problema.<br \/>\nCabeza, palas, punteira e aparataxe el\u00e9ctrica acadaron os 1.300 metros de altura sanas e salvas.<\/p>\n<p><img decoding=\"async\" alt=\"Instalaci\u00f3n Aeroxerador Zefir 6\" id=\"image174\" src=\"http:\/\/www.ascorcerizas.com\/central\/060126wp\/wp\/wp-content\/uploads\/2007\/04\/instalacion_zefir_003.jpg\" \/><\/p>\n<p class=\"letra-pequena\">O primeiro paso que houbo que dar foi retirar a punteira do antigo aeorxerador&#8230; pois si que estaba amarrada a conciencia!<br \/>\nDesparafusadores, chaves, martelos, palancas, e varias horas de traballo, foron necesarios para desmontar a peza.\n<\/p>\n<p class=\"letra-pequena\"><img decoding=\"async\" alt=\"Instalaci\u00f3n Aeroxerador Zefir 6\" id=\"image175\" src=\"http:\/\/www.ascorcerizas.com\/central\/060126wp\/wp\/wp-content\/uploads\/2007\/04\/instalacion_zefir_004.jpg\" \/><\/p>\n<p class=\"letra-pequena\">Unha punterira estaba f\u00f3ra, faltaba agora montar a nova&#8230; e a conta atr\u00e1s das horas de luz daba comezo.<\/p>\n<p><img decoding=\"async\" alt=\"Instalaci\u00f3n Aeroxerador Zefir 6\" id=\"image176\" src=\"http:\/\/www.ascorcerizas.com\/central\/060126wp\/wp\/wp-content\/uploads\/2007\/04\/instalacion_zefir_005.jpg\" \/><\/p>\n<p class=\"letra-pequena\">Co soporte listo, s\u00f3 restaba montar as palas, elevar a cabeza e suxeitala \u00e1 estructura vertical.<br \/>\nEsta foi a derradeira foto antes de que o Zefir botase a voar.<\/p>\n<p class=\"letra-pequena\">e a noite chegou&#8230;<br \/>\ne ao amencer mullido e branco manto arroupaba ao Zefir nas s\u00faas primeriras horas de vida na Serra.\n<\/p>\n<p class=\"letra-pequena\"><img decoding=\"async\" alt=\"Instalaci\u00f3n Aeroxerador Zefir 6\" id=\"image177\" src=\"http:\/\/www.ascorcerizas.com\/central\/060126wp\/wp\/wp-content\/uploads\/2007\/04\/instalacion_zefir_007.jpg\" \/><\/p>\n<p class=\"letra-pequena\">Os polacos sempre o tiveron claro: &#8220;a neve non \u00e9 un problema&#8221;.<\/p>\n<p><img decoding=\"async\" id=\"image200\" alt=\"aerogenerador Zefir 6\" src=\"http:\/\/www.ascorcerizas.com\/central\/060126wp\/wp\/wp-content\/uploads\/2007\/04\/07_04_05_aerogenerador_01.jpg\" \/><\/p>\n<p class=\"letra-pequena\">Velaqui est\u00e1! dende As Corcerizas e para todo o mundo&#8230; o aeroxerador ZEFIR 6.<\/p>\n<p>Amigos da Terra agradece o interese, profesionalidade e colaboraci\u00f3n de todas as persoas implicadas no proceso:<\/p>\n<div class=\"letra-pequena\">\n<ul>\n<li>A Conselleria de industria, especialmente ao <a href=\"http:\/\/www.ascorcerizas.com\/central\/060126wp\/wp\/www.inega.es\">Instituto Enerx\u00e9tico de Galicia<\/a>, polo constante apoio ao proxecto.<\/li>\n<li>A Suso, polas incontables horas de adicaci\u00f3n e tenacidade ata dar coa alternativa.<\/li>\n<li>Ao doctor Zaber, por afrontar o reto.<\/li>\n<li>A Christopher, por ser o noso heroe nas alturas.<\/li>\n<li>A To\u00f1o, o transportista de Excavaci\u00f3ns E.Vide, pola boa acollida e paciente espera.<\/li>\n<li>Ao gruista de Bert\u00f3lez, polas horas a deshora.<\/li>\n<li>Aos\/\u00e1s Veci\u00f1os\/as, especilamente a Vilas e Pedro, pola s\u00faa disponibilidade.<\/li>\n<li>Aos\/\u00e1s Socios\/as, especialmente a Miguel, pola reportaxe gr\u00e1fica.<\/li>\n<li>\u00c1s\/aos Voluntarias\/os, especialmente a Marine, polas s\u00faas dotes de traductora.<\/li>\n<li>e a todos\/as v\u00f3s polo apoio moral e confianza depositada na equipa de As Corcerizas.<\/li>\n<\/ul>\n<\/div>\n","protected":false},"excerpt":{"rendered":"<p>Mantendo a li\u00f1a marcada por Amigos da Terra de educaci\u00f3n pr\u00e1ctica para sostibilidade e coherencia do equipamento, As Corcerizas da un paso m\u00e1is adiante no seu sistema enerx\u00e9tico ao instalar o aeroxerador Zefir 6. Construido &#8220;a medida&#8221; polo equipo do Doutor Zaber (Polonia), instalado en As Corcerizas por Montaxes Lagoa (Lugo), e apoiado pola Conseller\u00eda [&hellip;]<\/p>\n","protected":false},"author":1,"featured_media":0,"comment_status":"open","ping_status":"open","sticky":false,"template":"","format":"standard","meta":{"jetpack_post_was_ever_published":false,"_jetpack_newsletter_access":"","_jetpack_dont_email_post_to_subs":false,"_jetpack_newsletter_tier_id":0,"_jetpack_memberships_contains_paywalled_content":false,"_jetpack_memberships_contains_paid_content":false,"footnotes":"","jetpack_publicize_message":"","jetpack_publicize_feature_enabled":true,"jetpack_social_post_already_shared":false,"jetpack_social_options":{"image_generator_settings":{"template":"highway","default_image_id":0,"font":"","enabled":false},"version":2}},"categories":[5],"tags":[],"class_list":["post-171","post","type-post","status-publish","format-standard","hentry","category-enerxias-renovabeis"],"jetpack_publicize_connections":[],"jetpack_featured_media_url":"","jetpack_sharing_enabled":true,"jetpack_shortlink":"https:\/\/wp.me\/p7kmhj-2L","_links":{"self":[{"href":"https:\/\/ascorcerizas.com\/central\/060126wp\/wp\/index.php?rest_route=\/wp\/v2\/posts\/171","targetHints":{"allow":["GET"]}}],"collection":[{"href":"https:\/\/ascorcerizas.com\/central\/060126wp\/wp\/index.php?rest_route=\/wp\/v2\/posts"}],"about":[{"href":"https:\/\/ascorcerizas.com\/central\/060126wp\/wp\/index.php?rest_route=\/wp\/v2\/types\/post"}],"author":[{"embeddable":true,"href":"https:\/\/ascorcerizas.com\/central\/060126wp\/wp\/index.php?rest_route=\/wp\/v2\/users\/1"}],"replies":[{"embeddable":true,"href":"https:\/\/ascorcerizas.com\/central\/060126wp\/wp\/index.php?rest_route=%2Fwp%2Fv2%2Fcomments&post=171"}],"version-history":[{"count":0,"href":"https:\/\/ascorcerizas.com\/central\/060126wp\/wp\/index.php?rest_route=\/wp\/v2\/posts\/171\/revisions"}],"wp:attachment":[{"href":"https:\/\/ascorcerizas.com\/central\/060126wp\/wp\/index.php?rest_route=%2Fwp%2Fv2%2Fmedia&parent=171"}],"wp:term":[{"taxonomy":"category","embeddable":true,"href":"https:\/\/ascorcerizas.com\/central\/060126wp\/wp\/index.php?rest_route=%2Fwp%2Fv2%2Fcategories&post=171"},{"taxonomy":"post_tag","embeddable":true,"href":"https:\/\/ascorcerizas.com\/central\/060126wp\/wp\/index.php?rest_route=%2Fwp%2Fv2%2Ftags&post=171"}],"curies":[{"name":"wp","href":"https:\/\/api.w.org\/{rel}","templated":true}]}}