{"id":155,"date":"2007-02-28T15:08:02","date_gmt":"2007-02-28T14:08:02","guid":{"rendered":"http:\/\/www.ascorcerizas.com\/central\/060126wp\/wp\/?p=155"},"modified":"2007-02-28T15:19:15","modified_gmt":"2007-02-28T14:19:15","slug":"nas-corcerizas-o-sol-tamen-alumea-polas-noites","status":"publish","type":"post","link":"https:\/\/ascorcerizas.com\/central\/060126wp\/wp\/?p=155","title":{"rendered":"Cando o sol alumea polas noites&#8230;"},"content":{"rendered":"<p>Cada vez que os raios solares cheguen \u00e1 Serra de San Mamede, nas Corcerizas estaremos recollendo parte desa enerx\u00eda para compartila m\u00e1is tarde contigo&#8230; cando prendas a luz, ao acender a radio, ou ao conectar o frigor\u00edfico.<\/p>\n<p><img decoding=\"async\" alt=\"placas solares fotovoltaicas en san mamede\" src=\"http:\/\/www.ascorcerizas.com\/central\/060126wp\/wp\/wp-content\/uploads\/2007\/02\/placas_fotovoltaicas_02.jpg\" \/><\/p>\n<p>O <strong>plan enerx\u00e9tico<\/strong>, en colaboraci\u00f3n co <a title=\"inega\" href=\"http:\/\/www.inega.es\/\">Inega<\/a>,  iniciado no 2006 coa instalaci\u00f3n da caldeira de biomasa, contin\u00faa con grande \u00e9xito no 2007.<\/p>\n<p>Logo de varias xornadas de intenso traballo facendo fronte a inestabilidade clim\u00e1tica propia destas datas, a semana pasada quedaba rematada a <strong>instalaci\u00f3n enerx\u00e9tica solar fotovoltaica.<\/strong><\/p>\n<p>Gracias ao interese e profesionalidade da empresa <strong>Montaxes Lagoa,<\/strong> e tal e como estaba previsto, instal\u00e1ronse 32 m\u00f3dulos fotovoltaicos que sumar\u00e1n \u00e1 produci\u00f3n  existente, <strong>5 kilowatios de \u201cenerx\u00eda sostible\u201d.<\/strong><\/p>\n<p><!--[if !supportEmptyParas]--> <img decoding=\"async\" alt=\"instalacion de placas solares en As Corcerizas\" src=\"http:\/\/www.ascorcerizas.com\/central\/060126wp\/wp\/wp-content\/uploads\/2007\/02\/placas_fotovoltaicas_01.jpg\" \/><\/p>\n<p><strong><br \/>\n<\/strong><\/p>\n","protected":false},"excerpt":{"rendered":"<p>Cada vez que os raios solares cheguen \u00e1 Serra de San Mamede, nas Corcerizas estaremos recollendo parte desa enerx\u00eda para compartila m\u00e1is tarde contigo&#8230; cando prendas a luz, ao acender a radio, ou ao conectar o frigor\u00edfico. O plan enerx\u00e9tico, en colaboraci\u00f3n co Inega, iniciado no 2006 coa instalaci\u00f3n da caldeira de biomasa, contin\u00faa con [&hellip;]<\/p>\n","protected":false},"author":2,"featured_media":0,"comment_status":"open","ping_status":"open","sticky":false,"template":"","format":"standard","meta":{"jetpack_post_was_ever_published":false,"_jetpack_newsletter_access":"","_jetpack_dont_email_post_to_subs":false,"_jetpack_newsletter_tier_id":0,"_jetpack_memberships_contains_paywalled_content":false,"_jetpack_memberships_contains_paid_content":false,"footnotes":"","jetpack_publicize_message":"","jetpack_publicize_feature_enabled":true,"jetpack_social_post_already_shared":false,"jetpack_social_options":{"image_generator_settings":{"template":"highway","default_image_id":0,"font":"","enabled":false},"version":2}},"categories":[1],"tags":[],"class_list":["post-155","post","type-post","status-publish","format-standard","hentry","category-novas"],"jetpack_publicize_connections":[],"jetpack_featured_media_url":"","jetpack_sharing_enabled":true,"jetpack_shortlink":"https:\/\/wp.me\/p7kmhj-2v","_links":{"self":[{"href":"https:\/\/ascorcerizas.com\/central\/060126wp\/wp\/index.php?rest_route=\/wp\/v2\/posts\/155","targetHints":{"allow":["GET"]}}],"collection":[{"href":"https:\/\/ascorcerizas.com\/central\/060126wp\/wp\/index.php?rest_route=\/wp\/v2\/posts"}],"about":[{"href":"https:\/\/ascorcerizas.com\/central\/060126wp\/wp\/index.php?rest_route=\/wp\/v2\/types\/post"}],"author":[{"embeddable":true,"href":"https:\/\/ascorcerizas.com\/central\/060126wp\/wp\/index.php?rest_route=\/wp\/v2\/users\/2"}],"replies":[{"embeddable":true,"href":"https:\/\/ascorcerizas.com\/central\/060126wp\/wp\/index.php?rest_route=%2Fwp%2Fv2%2Fcomments&post=155"}],"version-history":[{"count":0,"href":"https:\/\/ascorcerizas.com\/central\/060126wp\/wp\/index.php?rest_route=\/wp\/v2\/posts\/155\/revisions"}],"wp:attachment":[{"href":"https:\/\/ascorcerizas.com\/central\/060126wp\/wp\/index.php?rest_route=%2Fwp%2Fv2%2Fmedia&parent=155"}],"wp:term":[{"taxonomy":"category","embeddable":true,"href":"https:\/\/ascorcerizas.com\/central\/060126wp\/wp\/index.php?rest_route=%2Fwp%2Fv2%2Fcategories&post=155"},{"taxonomy":"post_tag","embeddable":true,"href":"https:\/\/ascorcerizas.com\/central\/060126wp\/wp\/index.php?rest_route=%2Fwp%2Fv2%2Ftags&post=155"}],"curies":[{"name":"wp","href":"https:\/\/api.w.org\/{rel}","templated":true}]}}