{"id":146,"date":"2007-02-13T10:53:37","date_gmt":"2007-02-13T09:53:37","guid":{"rendered":"http:\/\/www.ascorcerizas.com\/central\/060126wp\/wp\/?p=146"},"modified":"2007-02-23T20:14:23","modified_gmt":"2007-02-23T19:14:23","slug":"146","status":"publish","type":"post","link":"https:\/\/ascorcerizas.com\/central\/060126wp\/wp\/?p=146","title":{"rendered":"Exitosas xornadas no Pazo de Fontefiz"},"content":{"rendered":"<p>Ante un numeroso e intersado p\u00fablico os\/as ponentes das xornadas presentaron o Filtro de Macrofitas en Flotaci\u00f3n, explicando as vantaxes, beneficios e mostrando diversas experiencias xa implantadas noutras zonas da pen\u00ednsula.<\/p>\n<p><img decoding=\"async\" alt=\"alfredo_macrofitas sl\" src=\"http:\/\/www.ascorcerizas.com\/central\/060126wp\/wp\/wp-content\/uploads\/2007\/02\/07_02_08_xornadas_macrofita.jpg\" \/><\/p>\n<p>Abriu as xornadas <strong>Vicente Torres<\/strong> (<a title=\"macrofitas sl\" href=\"http:\/\/www.macrofitas.com\">Macrofitas SL<\/a>), facendo unha reflexi\u00f3n sobre a historia do FMF e presentando o proxecto de potabilizaci\u00f3n de auga en \u00c1frica mediante macrofitas.<br \/>\nA parte m\u00e1is t\u00e9cnica foi asumida por <strong>Alfredo S. Rodr\u00edguez<\/strong> que, con fotos, esquemas e claras explicaci\u00f3ns, evidenciou a funcionalidade, simplicidade e baixos custes que ten o sistema.<\/p>\n<p><img decoding=\"async\" alt=\"xornadas macrofitas\" src=\"http:\/\/www.ascorcerizas.com\/central\/060126wp\/wp\/wp-content\/uploads\/2007\/02\/07_02_08_ponentes_xornadas_.jpg\" \/><\/p>\n<p>Con grande simpat\u00eda e demostrando que todo \u00e9 posible gracias ao &#8220;topalantismo extreme\u00f1o&#8221; (t\u00f3 p\u2019alante), <strong>Pedro Delgado<\/strong> (<a title=\"Aquaphytex\" href=\"http:\/\/www.aquaphytex.com\">Aquaphytex<\/a>) expuso o \u00e9xito dunha iniciativa xuvenil basada na producion de macrofitas.<\/p>\n<p>Cun punto de vista pr\u00e1ctico e realista,<strong> Luis C. Laighina<\/strong> (Raiambiente) presentou as experiencias de implataci\u00f3n de FMF en Portugal, como v\u00eda de substituci\u00f3n dos ineficientes sistemas actualmente instalados.<\/p>\n<p>Para fechar as xornadas, <strong>Paula Vidal<\/strong> de <a title=\"Amigos da Terra\" href=\"http:\/\/www.amigosdaterra.net\">Amigos da Terra<\/a>, presentou a construci\u00f3n dun FMF no campo de traballo que este ver\u00e1n organizou a Asociaci\u00f3n en As Corcerizas, como recurso educativo e soluci\u00f3n sostible para a autoxesti\u00f3n das augas residuais do Centro.<\/p>\n<p><img decoding=\"async\" alt=\"xornadas macrofitas\" src=\"http:\/\/www.ascorcerizas.com\/central\/060126wp\/wp\/wp-content\/uploads\/2007\/02\/07_02_08_adt_xornadas_macro.jpg\" \/><\/p>\n<p>Amigos da Terra agradece o patrocinio de <strong>Tragsa<\/strong> e o apoio da <strong>Consellar\u00eda de Medio Rural<\/strong>; en especial  agadecemos o esforzo de <strong>Manuel Fern\u00e1ndez Somoano <\/strong>na busca e defensa de alternativas sostibles para o medio rural galego.<\/p>\n","protected":false},"excerpt":{"rendered":"<p>Ante un numeroso e intersado p\u00fablico os\/as ponentes das xornadas presentaron o Filtro de Macrofitas en Flotaci\u00f3n, explicando as vantaxes, beneficios e mostrando diversas experiencias xa implantadas noutras zonas da pen\u00ednsula. Abriu as xornadas Vicente Torres (Macrofitas SL), facendo unha reflexi\u00f3n sobre a historia do FMF e presentando o proxecto de potabilizaci\u00f3n de auga en [&hellip;]<\/p>\n","protected":false},"author":2,"featured_media":0,"comment_status":"open","ping_status":"open","sticky":false,"template":"","format":"standard","meta":{"jetpack_post_was_ever_published":false,"_jetpack_newsletter_access":"","_jetpack_dont_email_post_to_subs":false,"_jetpack_newsletter_tier_id":0,"_jetpack_memberships_contains_paywalled_content":false,"_jetpack_memberships_contains_paid_content":false,"footnotes":"","jetpack_publicize_message":"","jetpack_publicize_feature_enabled":true,"jetpack_social_post_already_shared":false,"jetpack_social_options":{"image_generator_settings":{"template":"highway","default_image_id":0,"font":"","enabled":false},"version":2}},"categories":[1],"tags":[],"class_list":["post-146","post","type-post","status-publish","format-standard","hentry","category-novas"],"jetpack_publicize_connections":[],"jetpack_featured_media_url":"","jetpack_sharing_enabled":true,"jetpack_shortlink":"https:\/\/wp.me\/s7kmhj-146","_links":{"self":[{"href":"https:\/\/ascorcerizas.com\/central\/060126wp\/wp\/index.php?rest_route=\/wp\/v2\/posts\/146","targetHints":{"allow":["GET"]}}],"collection":[{"href":"https:\/\/ascorcerizas.com\/central\/060126wp\/wp\/index.php?rest_route=\/wp\/v2\/posts"}],"about":[{"href":"https:\/\/ascorcerizas.com\/central\/060126wp\/wp\/index.php?rest_route=\/wp\/v2\/types\/post"}],"author":[{"embeddable":true,"href":"https:\/\/ascorcerizas.com\/central\/060126wp\/wp\/index.php?rest_route=\/wp\/v2\/users\/2"}],"replies":[{"embeddable":true,"href":"https:\/\/ascorcerizas.com\/central\/060126wp\/wp\/index.php?rest_route=%2Fwp%2Fv2%2Fcomments&post=146"}],"version-history":[{"count":0,"href":"https:\/\/ascorcerizas.com\/central\/060126wp\/wp\/index.php?rest_route=\/wp\/v2\/posts\/146\/revisions"}],"wp:attachment":[{"href":"https:\/\/ascorcerizas.com\/central\/060126wp\/wp\/index.php?rest_route=%2Fwp%2Fv2%2Fmedia&parent=146"}],"wp:term":[{"taxonomy":"category","embeddable":true,"href":"https:\/\/ascorcerizas.com\/central\/060126wp\/wp\/index.php?rest_route=%2Fwp%2Fv2%2Fcategories&post=146"},{"taxonomy":"post_tag","embeddable":true,"href":"https:\/\/ascorcerizas.com\/central\/060126wp\/wp\/index.php?rest_route=%2Fwp%2Fv2%2Ftags&post=146"}],"curies":[{"name":"wp","href":"https:\/\/api.w.org\/{rel}","templated":true}]}}