{"id":123,"date":"2006-12-04T13:51:03","date_gmt":"2006-12-04T12:51:03","guid":{"rendered":"http:\/\/www.ascorcerizas.com\/central\/060126wp\/wp\/?p=123"},"modified":"2006-12-05T18:27:58","modified_gmt":"2006-12-05T17:27:58","slug":"actividades-en-novembro-2006","status":"publish","type":"post","link":"https:\/\/ascorcerizas.com\/central\/060126wp\/wp\/?p=123","title":{"rendered":"Actividades en Novembro 2006"},"content":{"rendered":"<p>Na primeira fin de semana As Corcerizas exerceu de <strong>escola de Educaci\u00f3n Ambiental<\/strong> para un grupo das <strong>Xuventudes Socialistas de Galicia<\/strong>, na que, adem\u00e1is de co\u00f1ecer as instalaci\u00f3ns, tam\u00e9n exploraron o entorno cun roteiro interpretativo ambiental e etnogr\u00e1fico pola serra. Durante os tres d\u00edas de actividades se trataron temas como a problem\u00e1tica dos lumes en Galicia, ou a importancia que ten que todos aprendamos a consumir responsablemente, incorporemos cada vez m\u00e1is \u00e1 nosa cesta da compra productos de comercio xusto, e valoremos a importancia dunha alimentaci\u00f3n saudable.<\/p>\n<p><img decoding=\"async\" alt=\"xuventudes socialistas medio ambiente\" src=\"http:\/\/www.amigosdaterra.net\/cmn-album\/main.php?g2_view=core.DownloadItem&amp;g2_itemId=10705&amp;g2_serialNumber=1\" \/><\/p>\n<p>A seguinte fin de semana estivo m\u00e1is adicada \u00e1 <strong>ciencia<\/strong> e a <strong>conservaci\u00f3n<\/strong>, coa participaci\u00f3n dun grupo de xente,que atra\u00edda pola celebraci\u00f3n da Semana da Ciencia en Galicia, disfrutou da pr\u00e1ctica dun <strong>anelamento cient\u00edfico de aves<\/strong> dirixido por aneladores profesion\u00e1is e varios colaboradores da Sociedade Galega de Historia Natural.<\/p>\n<p><img decoding=\"async\" alt=\"semana da ciencia 2006\" src=\"http:\/\/www.amigosdaterra.net\/cmn-album\/main.php?g2_view=core.DownloadItem&#38;g2_itemId=10246&#38;g2_serialNumber=1\" \/><\/p>\n<p>Tam\u00e9n os colexios unitarios de <strong>Vilar de Barrio<\/strong>, <strong>Ba\u00f1os de Molgas<\/strong> e <strong>Sarreaus<\/strong> se achegaron para participar dunhas xornadas de co\u00f1ecemento e revalorizaci\u00f3n do entorno \u00e1 vez de reforzar a cooperatividade e a interrelaci\u00f3n coa poboaci\u00f3n m\u00e1is pr\u00f3xima. Cunha perspectiva educativa \u00e1 vez que l\u00fadica, os\/as escolares puideron asimilar novos co\u00f1ecementos e habilidades.<\/p>\n<p><img decoding=\"async\" alt=\"escolares_ba\u00f1os de molgas\" src=\"http:\/\/www.amigosdaterra.net\/cmn-album\/main.php?g2_view=core.DownloadItem&amp;g2_itemId=10781&amp;g2_serialNumber=1\" \/><\/p>\n<p>Outra tem\u00e1tica que tratamos en As Corcerizas durante este mes foi a <strong>problem\u00e1tica da Xesti\u00f3n de residuos en Galicia<\/strong>. Un grupo de persoas do <strong>Concello de Pi\u00f1or <\/strong>comprobou in situ a viabilidade dunha xesti\u00f3n alternativa de residuos s\u00f3lidos e das augas residuais, seguindo o exemplo que se leva a cabo no Centro. A actividade, dirixida pola responsable de residuos de Amigos da Terra, resultou unha experiencia enriquecedora gracias \u00e1s numerosas aportaci\u00f3ns e ao interese mostrado pola xente; e tam\u00e9n pr\u00e1ctica, coa elaboraci\u00f3n dun <strong>vermicomposteiro dom\u00e9stico.<\/strong><\/p>\n<p><img decoding=\"async\" alt=\"concello pinhor\" src=\"http:\/\/www.amigosdaterra.net\/cmn-album\/main.php?g2_view=core.DownloadItem&#38;g2_itemId=10891&#38;g2_serialNumber=1\" \/><\/p>\n","protected":false},"excerpt":{"rendered":"<p>Na primeira fin de semana As Corcerizas exerceu de escola de Educaci\u00f3n Ambiental para un grupo das Xuventudes Socialistas de Galicia, na que, adem\u00e1is de co\u00f1ecer as instalaci\u00f3ns, tam\u00e9n exploraron o entorno cun roteiro interpretativo ambiental e etnogr\u00e1fico pola serra. Durante os tres d\u00edas de actividades se trataron temas como a problem\u00e1tica dos lumes en [&hellip;]<\/p>\n","protected":false},"author":2,"featured_media":0,"comment_status":"open","ping_status":"open","sticky":false,"template":"","format":"standard","meta":{"jetpack_post_was_ever_published":false,"_jetpack_newsletter_access":"","_jetpack_dont_email_post_to_subs":false,"_jetpack_newsletter_tier_id":0,"_jetpack_memberships_contains_paywalled_content":false,"_jetpack_memberships_contains_paid_content":false,"footnotes":"","jetpack_publicize_message":"","jetpack_publicize_feature_enabled":true,"jetpack_social_post_already_shared":false,"jetpack_social_options":{"image_generator_settings":{"template":"highway","default_image_id":0,"font":"","enabled":false},"version":2}},"categories":[1],"tags":[],"class_list":["post-123","post","type-post","status-publish","format-standard","hentry","category-novas"],"jetpack_publicize_connections":[],"jetpack_featured_media_url":"","jetpack_sharing_enabled":true,"jetpack_shortlink":"https:\/\/wp.me\/p7kmhj-1Z","_links":{"self":[{"href":"https:\/\/ascorcerizas.com\/central\/060126wp\/wp\/index.php?rest_route=\/wp\/v2\/posts\/123","targetHints":{"allow":["GET"]}}],"collection":[{"href":"https:\/\/ascorcerizas.com\/central\/060126wp\/wp\/index.php?rest_route=\/wp\/v2\/posts"}],"about":[{"href":"https:\/\/ascorcerizas.com\/central\/060126wp\/wp\/index.php?rest_route=\/wp\/v2\/types\/post"}],"author":[{"embeddable":true,"href":"https:\/\/ascorcerizas.com\/central\/060126wp\/wp\/index.php?rest_route=\/wp\/v2\/users\/2"}],"replies":[{"embeddable":true,"href":"https:\/\/ascorcerizas.com\/central\/060126wp\/wp\/index.php?rest_route=%2Fwp%2Fv2%2Fcomments&post=123"}],"version-history":[{"count":0,"href":"https:\/\/ascorcerizas.com\/central\/060126wp\/wp\/index.php?rest_route=\/wp\/v2\/posts\/123\/revisions"}],"wp:attachment":[{"href":"https:\/\/ascorcerizas.com\/central\/060126wp\/wp\/index.php?rest_route=%2Fwp%2Fv2%2Fmedia&parent=123"}],"wp:term":[{"taxonomy":"category","embeddable":true,"href":"https:\/\/ascorcerizas.com\/central\/060126wp\/wp\/index.php?rest_route=%2Fwp%2Fv2%2Fcategories&post=123"},{"taxonomy":"post_tag","embeddable":true,"href":"https:\/\/ascorcerizas.com\/central\/060126wp\/wp\/index.php?rest_route=%2Fwp%2Fv2%2Ftags&post=123"}],"curies":[{"name":"wp","href":"https:\/\/api.w.org\/{rel}","templated":true}]}}