{"id":122,"date":"2006-11-30T19:09:25","date_gmt":"2006-11-30T18:09:25","guid":{"rendered":"http:\/\/www.ascorcerizas.com\/central\/060126wp\/wp\/?p=122"},"modified":"2006-12-01T20:43:36","modified_gmt":"2006-12-01T19:43:36","slug":"coa-entrada-do-outono-en-as-corcerizas-chegaron-tamen-novas-actividades","status":"publish","type":"post","link":"https:\/\/ascorcerizas.com\/central\/060126wp\/wp\/?p=122","title":{"rendered":"Coa entrada do Outono en As Corcerizas chegaron tam\u00e9n novas actividades"},"content":{"rendered":"<p>As cores do Outono en As Corcerizas invitan \u00e1 reflexi\u00f3n e ao descanso dun xeito especial. Tanto \u00e9 as\u00ed que a fin de semana de <strong>Musicoterapia, Ioga e Relaxaci\u00f3n<\/strong> resultou todo un \u00e9xito.<\/p>\n<p><a title=\"Galeria completa\" href=\"http:\/\/amigosdaterra.net\/cmn-album\/main.php?g2_itemId=9963\"><img decoding=\"async\" alt=\"Obradoiro de Ioga\" title=\"Obradoiro de Ioga\" src=\"http:\/\/amigosdaterra.net\/cmn-album\/main.php?g2_view=core.DownloadItem&#038;g2_itemId=10102&#038;g2_serialNumber=1\" \/><\/a><\/p>\n<p>A alta calidade das actividades, dirixidas por grandes profesionais, a pr\u00e1ctica delas en estancias saudables de construci\u00f3n sostible, a alimentaci\u00f3n biol\u00f3xica e adem\u00e1is moi rica! e o sol que sempre nos acompa\u00f1ou, fixeron realidade a oportunidade de desconexi\u00f3n que todos buscabamos para esta fin de semana na Serra. Pero non vos preocupedes si non puidestes asistir, que para a primaveira voltaremos con novas propostas!<\/p>\n<p>Pero tam\u00e9n neste mes de Outubro se achegaron ata As Corcerizas varias familias pertencentes ao <strong>Clube Ciclista de Maceda<\/strong>, onde os pequenos disfrutaron xogando e aprendendo cousas novas \u00e1 vez que os maiores co\u00f1ec\u00edan as instalaci\u00f3ns e o seu funcionamento.<\/p>\n<p><a title=\"Galer\u00eda completa\" href=\"http:\/\/amigosdaterra.net\/cmn-album\/main.php?g2_itemId=8952\"><img decoding=\"async\" alt=\"Clube Ciclista de Maceda\" title=\"Clube Ciclista de Maceda\" src=\"http:\/\/amigosdaterra.net\/cmn-album\/main.php?g2_view=core.DownloadItem&#038;g2_itemId=8959&#038;g2_serialNumber=1\" \/><\/a><\/p>\n<p>E non foron os \u00fanicos, o <strong>Centro de Estudios \u00c1uria<\/strong>, de Ourense, trouxo aos seus alumnos do Curso de Monitores de Educaci\u00f3n Ambiental. Puideron comprobar por eles mesmos a trav\u00e9s do co\u00f1ecemento do Centro e as explicaci\u00f3ns como se afronta no d\u00eda a d\u00eda a aplicaci\u00f3n dun proxecto educativo como \u00e9 o de As Corcerizas.<\/p>\n","protected":false},"excerpt":{"rendered":"<p>As cores do Outono en As Corcerizas invitan \u00e1 reflexi\u00f3n e ao descanso dun xeito especial. Tanto \u00e9 as\u00ed que a fin de semana de Musicoterapia, Ioga e Relaxaci\u00f3n resultou todo un \u00e9xito. A alta calidade das actividades, dirixidas por grandes profesionais, a pr\u00e1ctica delas en estancias saudables de construci\u00f3n sostible, a alimentaci\u00f3n biol\u00f3xica e [&hellip;]<\/p>\n","protected":false},"author":2,"featured_media":0,"comment_status":"open","ping_status":"open","sticky":false,"template":"","format":"standard","meta":{"jetpack_post_was_ever_published":false,"_jetpack_newsletter_access":"","_jetpack_dont_email_post_to_subs":false,"_jetpack_newsletter_tier_id":0,"_jetpack_memberships_contains_paywalled_content":false,"_jetpack_memberships_contains_paid_content":false,"footnotes":"","jetpack_publicize_message":"","jetpack_publicize_feature_enabled":true,"jetpack_social_post_already_shared":false,"jetpack_social_options":{"image_generator_settings":{"template":"highway","default_image_id":0,"font":"","enabled":false},"version":2}},"categories":[1],"tags":[],"class_list":["post-122","post","type-post","status-publish","format-standard","hentry","category-novas"],"jetpack_publicize_connections":[],"jetpack_featured_media_url":"","jetpack_sharing_enabled":true,"jetpack_shortlink":"https:\/\/wp.me\/p7kmhj-1Y","_links":{"self":[{"href":"https:\/\/ascorcerizas.com\/central\/060126wp\/wp\/index.php?rest_route=\/wp\/v2\/posts\/122","targetHints":{"allow":["GET"]}}],"collection":[{"href":"https:\/\/ascorcerizas.com\/central\/060126wp\/wp\/index.php?rest_route=\/wp\/v2\/posts"}],"about":[{"href":"https:\/\/ascorcerizas.com\/central\/060126wp\/wp\/index.php?rest_route=\/wp\/v2\/types\/post"}],"author":[{"embeddable":true,"href":"https:\/\/ascorcerizas.com\/central\/060126wp\/wp\/index.php?rest_route=\/wp\/v2\/users\/2"}],"replies":[{"embeddable":true,"href":"https:\/\/ascorcerizas.com\/central\/060126wp\/wp\/index.php?rest_route=%2Fwp%2Fv2%2Fcomments&post=122"}],"version-history":[{"count":0,"href":"https:\/\/ascorcerizas.com\/central\/060126wp\/wp\/index.php?rest_route=\/wp\/v2\/posts\/122\/revisions"}],"wp:attachment":[{"href":"https:\/\/ascorcerizas.com\/central\/060126wp\/wp\/index.php?rest_route=%2Fwp%2Fv2%2Fmedia&parent=122"}],"wp:term":[{"taxonomy":"category","embeddable":true,"href":"https:\/\/ascorcerizas.com\/central\/060126wp\/wp\/index.php?rest_route=%2Fwp%2Fv2%2Fcategories&post=122"},{"taxonomy":"post_tag","embeddable":true,"href":"https:\/\/ascorcerizas.com\/central\/060126wp\/wp\/index.php?rest_route=%2Fwp%2Fv2%2Ftags&post=122"}],"curies":[{"name":"wp","href":"https:\/\/api.w.org\/{rel}","templated":true}]}}