{"id":853,"date":"2016-09-28T19:51:43","date_gmt":"2016-09-28T19:51:43","guid":{"rendered":"http:\/\/ascorcerizas.com\/central\/141118wp\/?p=853"},"modified":"2020-10-27T23:48:19","modified_gmt":"2020-10-27T23:48:19","slug":"fin-de-semana-micoloxico-introducion-practica-aos-cogumelos","status":"publish","type":"post","link":"http:\/\/ascorcerizas.com\/central\/141118wp\/blog\/2016\/09\/28\/fin-de-semana-micoloxico-introducion-practica-aos-cogumelos\/","title":{"rendered":"Fin de semana micol\u00f3xico \u2013 Introduci\u00f3n pr\u00e1ctica aos cogumelos"},"content":{"rendered":"<p>Impartiranse contidos de micolox\u00eda a nivel de iniciaci\u00f3n\u00a0empreg\u00e1ndose\u00a0t\u00e9cnicas de comunicaci\u00f3n que far\u00e1n amenos, comprensibles e entretidos os conceptos propostos. Farase especial fincap\u00e9 na utilizaci\u00f3n de din\u00e1micas participativas para familiarizar aos asistentes na identificaci\u00f3n de campo e o uso de claves e gu\u00edas.<\/p>\n<p>DATAS: 22\u00a0e\u00a023\u00a0de\u00a0Octubre<\/p>\n<p>HORARIOS: desde as 12:00 h. do\u00a0s\u00e1bado ata as 16:00 h. do domingo.<\/p>\n<p>COMIDAS: Cea do s\u00e1bado e almorzo e xantar do domingo. Os men\u00fas que ofertaremos durante esta actividade\u00a0incorporar\u00e1n cogumelos diversos para levar\u00a0a experiencia micol\u00f3xica tam\u00e9n ate\u00a0o padal.<\/p>\n<p>ALOXAMENTO: En literas en habitaci\u00f3ns compartidas.<\/p>\n<p>PREZO: 49,90 \u20ac<\/p>\n<p>INSCRICI\u00d3NS: Para formalizar a t\u00faa inscrici\u00f3n deber\u00e1s adiantar 25\u20ac en concepto de reserva. Podes\u00a0facelo tanto por transferencia bancaria ou en cualquera das nosas oficinas de Ourense, Vigo ou nas Corcerizas.<\/p>\n<p>DATA L\u00cdMITE DE INSCRICI\u00d3NS: Martes 18\u00a0de\u00a0Octubre<\/p>\n<p><img loading=\"lazy\" decoding=\"async\" class=\"aligncenter wp-image-854 size-large\" src=\"http:\/\/ascorcerizas.com\/central\/141118wp\/wp-content\/uploads\/2016\/09\/FindeMicoloxico-870x580.jpg\" alt=\"Iniciaci\u00f3n pr\u00e1ctica fungos\" width=\"870\" height=\"580\" srcset=\"http:\/\/ascorcerizas.com\/central\/141118wp\/wp-content\/uploads\/2016\/09\/FindeMicoloxico.jpg 870w, http:\/\/ascorcerizas.com\/central\/141118wp\/wp-content\/uploads\/2016\/09\/FindeMicoloxico-300x200.jpg 300w, http:\/\/ascorcerizas.com\/central\/141118wp\/wp-content\/uploads\/2016\/09\/FindeMicoloxico-768x512.jpg 768w\" sizes=\"auto, (max-width: 870px) 100vw, 870px\" \/><\/p>\n<p>PROGRAMA<\/p>\n<p><strong>S\u00e1bado 22<\/strong><\/p>\n<ul>\n<li>Ma\u00f1ana,12:30 h. Charla\u00a0introductoria con presentaci\u00f3n audiovisual. (90 minutos de duraci\u00f3n + coloquio).<\/li>\n<li>Xantar comunitario (cada quen trae a s\u00faa comida)<\/li>\n<li>Tarde: Sa\u00edda ao\u00a0campo polas inmediaciones do\u00a0centro. Identificaci\u00f3n in situ\u00a0e posterior no\u00a0taller.<\/li>\n<li>Charlas e comentarios sobre a toxicidade\u00a0e\u00a0gastronom\u00eda micol\u00f3xica dos exemplares recollidos.<\/li>\n<li>Cea<\/li>\n<li>Velada para quen o desexe. An\u00edmase\u00a0a traer instrumentos musicais e\u00a0letras con acordes das canci\u00f3ns favoritas.<\/li>\n<\/ul>\n<p><strong>Domingo 23<\/strong><strong>\u00a0<\/strong><\/p>\n<ul>\n<li>Ma\u00f1\u00e1. Excursi\u00f3n ao\u00a0monte e identificaci\u00f3n \u201cin situ\u201d e posta en com\u00fan posterior no taller.<\/li>\n<li>Comentarios, d\u00fabidas e avaliaci\u00f3n.<\/li>\n<li>Xantar e despedida<\/li>\n<\/ul>\n<p>PROFESORADO<strong>\u00a0<\/strong><\/p>\n<ul>\n<li>Fernando Ramos Garc\u00eda: Naturalista e divulgador profesional da natureza desde 1984, con ampla experiencia internacional. \u00c9 portavoz e membro fundador do Colectivo Micol\u00f3xico Coru\u00f1\u00e9s. En 2015, colaborou nos &#8220;Luns Micol\u00f3xicos&#8221;, participando nas Xornadas Micol\u00f3xicas da Coru\u00f1a\u00a0e impartido un Obradoiro Micol\u00f3xico para a o Concello de Oleiros.<\/li>\n<li>Santiago Iglesias Vali\u00f1o: Estudioso do mundo fungui desde fai mais de 20 anos e divulgador de gran experiencia, \u00e9 membro da Asociaci\u00f3n Micol\u00f3xica &#8220;Pan de Raposo&#8221; e membro fundador do Colectivo Micol\u00f3xico Coru\u00f1\u00e9s. Nesta \u00faltima asociaci\u00f3n colaborou nos &#8220;Luns Micol\u00f3xicos&#8221;, \u00a0e participado nas Xornadas Micol\u00f3xicas\u00a0da Coru\u00f1a. Tam\u00e9n impartiu talleres, charlas e sa\u00eddas de identificaci\u00f3n de cogumelos para os concellos de Rodeiro, Laracha, Oleiros e A Coru\u00f1a.<\/li>\n<\/ul>\n<p>NOTAS<\/p>\n<p>Debido \u00e1 extrema seca deste ver\u00e1n, a tempada est\u00e1 a resultar (micol\u00f3gicamente falando) at\u00edpica e imprevisible. Alg\u00fans expertos pensan que ao chegar as choivas poder\u00eda haber un posible repunte das que deber\u00edan sa\u00edr e non o fixeron. \u00a0Acons\u00e9llase aos participantes para traer cesto e navalla,<\/p>\n<p>+INFO: info@ascorcerizas.com \/ 988\u00a0374 318<\/p>\n","protected":false},"excerpt":{"rendered":"<p>Impartiranse contidos de micolox\u00eda a nivel de iniciaci\u00f3n\u00a0empreg\u00e1ndose\u00a0t\u00e9cnicas de comunicaci\u00f3n que far\u00e1n amenos, comprensibles e entretidos os conceptos propostos. Farase especial fincap\u00e9 na utilizaci\u00f3n de din\u00e1micas participativas para familiarizar aos asistentes na identificaci\u00f3n de campo e o uso de claves e gu\u00edas. DATAS: 22\u00a0e\u00a023\u00a0de\u00a0Octubre HORARIOS: desde as 12:00 h. do\u00a0s\u00e1bado ata as 16:00 h. do [&hellip;]<\/p>\n","protected":false},"author":6,"featured_media":0,"comment_status":"open","ping_status":"open","sticky":false,"template":"","format":"standard","meta":{"jetpack_post_was_ever_published":false,"_jetpack_newsletter_access":"","_jetpack_dont_email_post_to_subs":false,"_jetpack_newsletter_tier_id":0,"_jetpack_memberships_contains_paywalled_content":false,"_jetpack_memberships_contains_paid_content":false,"footnotes":"","jetpack_publicize_message":"","jetpack_publicize_feature_enabled":true,"jetpack_social_post_already_shared":true,"jetpack_social_options":{"image_generator_settings":{"template":"highway","default_image_id":0,"font":"","enabled":false},"version":2},"_links_to":"","_links_to_target":""},"categories":[2],"tags":[],"class_list":["post-853","post","type-post","status-publish","format-standard","hentry","category-formacion-e-divulgacion-ambiental"],"jetpack_publicize_connections":[],"jetpack_featured_media_url":"","jetpack_sharing_enabled":true,"jetpack_shortlink":"https:\/\/wp.me\/p5AiAL-dL","_links":{"self":[{"href":"http:\/\/ascorcerizas.com\/central\/141118wp\/wp-json\/wp\/v2\/posts\/853","targetHints":{"allow":["GET"]}}],"collection":[{"href":"http:\/\/ascorcerizas.com\/central\/141118wp\/wp-json\/wp\/v2\/posts"}],"about":[{"href":"http:\/\/ascorcerizas.com\/central\/141118wp\/wp-json\/wp\/v2\/types\/post"}],"author":[{"embeddable":true,"href":"http:\/\/ascorcerizas.com\/central\/141118wp\/wp-json\/wp\/v2\/users\/6"}],"replies":[{"embeddable":true,"href":"http:\/\/ascorcerizas.com\/central\/141118wp\/wp-json\/wp\/v2\/comments?post=853"}],"version-history":[{"count":1,"href":"http:\/\/ascorcerizas.com\/central\/141118wp\/wp-json\/wp\/v2\/posts\/853\/revisions"}],"predecessor-version":[{"id":1103,"href":"http:\/\/ascorcerizas.com\/central\/141118wp\/wp-json\/wp\/v2\/posts\/853\/revisions\/1103"}],"wp:attachment":[{"href":"http:\/\/ascorcerizas.com\/central\/141118wp\/wp-json\/wp\/v2\/media?parent=853"}],"wp:term":[{"taxonomy":"category","embeddable":true,"href":"http:\/\/ascorcerizas.com\/central\/141118wp\/wp-json\/wp\/v2\/categories?post=853"},{"taxonomy":"post_tag","embeddable":true,"href":"http:\/\/ascorcerizas.com\/central\/141118wp\/wp-json\/wp\/v2\/tags?post=853"}],"curies":[{"name":"wp","href":"https:\/\/api.w.org\/{rel}","templated":true}]}}