{"id":825,"date":"2016-05-03T13:15:33","date_gmt":"2016-05-03T13:15:33","guid":{"rendered":"http:\/\/ascorcerizas.com\/central\/141118wp\/?p=825"},"modified":"2020-10-27T23:49:04","modified_gmt":"2020-10-27T23:49:04","slug":"panaderia-curso-practico","status":"publish","type":"post","link":"http:\/\/ascorcerizas.com\/central\/141118wp\/blog\/2016\/05\/03\/panaderia-curso-practico\/","title":{"rendered":"Panader\u00eda &#8211; Curso pr\u00e1ctico"},"content":{"rendered":"<p>El pr\u00f3ximo <strong>4 de Junio<\/strong> tienes una cita introductoria con la autosuficiencia.<\/p>\n<p>\u00bfTe gustar\u00eda tener y cuidar tu propia <strong>masa madre<\/strong> para hacer tus propios panes sin tener que comprar levaduras qu\u00edmicas? o \u00bfqu\u00e9 te parecer\u00eda saber hacer tus propias<strong> barritas energ\u00e9ticas<\/strong>, <strong>crakers<\/strong> y <strong>galletas<\/strong> de desayuno?<\/p>\n<p>Durante esta jornada aprenderemos a sacar provecho de las casta\u00f1as, bellotas y algarrobas y moleremos nuestras propias harinas.<\/p>\n<p>Si eres de los que piensa que deber\u00edamos <strong>desarrollar nuestros propios recursos y habilidades<\/strong> para independizarnos de las grandes empresas agr\u00edcolas, este es tu curso.<\/p>\n<p><strong>FECHAS:<\/strong> S\u00e1bado 4 de Junio<\/p>\n<p><strong>HORARIOS:<\/strong> de 12:00h a 17:00h<\/p>\n<p><strong>PRECIO:<\/strong> El precio es libre. En funci\u00f3n de tus posibilidades y de lo que has recibido, estableces lo que consideres que es justo.<strong><br \/>\n<\/strong><\/p>\n<p><strong>INSCRIPCIONES: <\/strong>Para formalizar tu inscripci\u00f3n deber\u00e1s adelantar 10\u20ac en concepto de reserva. Puedes hacerlo tanto por transferencia bancaria o en cualquiera de nuestras oficinas de Ourense, Vigo o en As Corcerizas.<\/p>\n<p><strong>FECHA L\u00cdMITE DE INSCRIPCIONES: <\/strong>Mi\u00e9rcoles 1 de Junio<\/p>\n<p><strong>+INFO: <\/strong>info@ascorcerizas.com \/ 988 302 403<\/p>\n<p><img loading=\"lazy\" decoding=\"async\" class=\"size-large wp-image-826 alignnone\" src=\"http:\/\/ascorcerizas.com\/central\/141118wp\/wp-content\/uploads\/2016\/05\/Panader\u00eda_cartel-870x580.jpg\" alt=\"Panader\u00eda_cartel\" width=\"870\" height=\"580\" srcset=\"http:\/\/ascorcerizas.com\/central\/141118wp\/wp-content\/uploads\/2016\/05\/Panader\u00eda_cartel-870x580.jpg 870w, http:\/\/ascorcerizas.com\/central\/141118wp\/wp-content\/uploads\/2016\/05\/Panader\u00eda_cartel-300x200.jpg 300w, http:\/\/ascorcerizas.com\/central\/141118wp\/wp-content\/uploads\/2016\/05\/Panader\u00eda_cartel-768x512.jpg 768w, http:\/\/ascorcerizas.com\/central\/141118wp\/wp-content\/uploads\/2016\/05\/Panader\u00eda_cartel.jpg 1600w\" sizes=\"auto, (max-width: 870px) 100vw, 870px\" \/><\/p>\n","protected":false},"excerpt":{"rendered":"<p>El pr\u00f3ximo 4 de Junio tienes una cita introductoria con la autosuficiencia. \u00bfTe gustar\u00eda tener y cuidar tu propia masa madre para hacer tus propios panes sin tener que comprar levaduras qu\u00edmicas? o \u00bfqu\u00e9 te parecer\u00eda saber hacer tus propias barritas energ\u00e9ticas, crakers y galletas de desayuno? Durante esta jornada aprenderemos a sacar provecho de [&hellip;]<\/p>\n","protected":false},"author":3,"featured_media":0,"comment_status":"open","ping_status":"open","sticky":false,"template":"","format":"standard","meta":{"jetpack_post_was_ever_published":false,"_jetpack_newsletter_access":"","_jetpack_dont_email_post_to_subs":false,"_jetpack_newsletter_tier_id":0,"_jetpack_memberships_contains_paywalled_content":false,"_jetpack_memberships_contains_paid_content":false,"footnotes":"","jetpack_publicize_message":"","jetpack_publicize_feature_enabled":true,"jetpack_social_post_already_shared":true,"jetpack_social_options":{"image_generator_settings":{"template":"highway","default_image_id":0,"font":"","enabled":false},"version":2},"_links_to":"","_links_to_target":""},"categories":[2],"tags":[],"class_list":["post-825","post","type-post","status-publish","format-standard","hentry","category-formacion-e-divulgacion-ambiental"],"jetpack_publicize_connections":[],"jetpack_featured_media_url":"","jetpack_sharing_enabled":true,"jetpack_shortlink":"https:\/\/wp.me\/p5AiAL-dj","_links":{"self":[{"href":"http:\/\/ascorcerizas.com\/central\/141118wp\/wp-json\/wp\/v2\/posts\/825","targetHints":{"allow":["GET"]}}],"collection":[{"href":"http:\/\/ascorcerizas.com\/central\/141118wp\/wp-json\/wp\/v2\/posts"}],"about":[{"href":"http:\/\/ascorcerizas.com\/central\/141118wp\/wp-json\/wp\/v2\/types\/post"}],"author":[{"embeddable":true,"href":"http:\/\/ascorcerizas.com\/central\/141118wp\/wp-json\/wp\/v2\/users\/3"}],"replies":[{"embeddable":true,"href":"http:\/\/ascorcerizas.com\/central\/141118wp\/wp-json\/wp\/v2\/comments?post=825"}],"version-history":[{"count":1,"href":"http:\/\/ascorcerizas.com\/central\/141118wp\/wp-json\/wp\/v2\/posts\/825\/revisions"}],"predecessor-version":[{"id":1105,"href":"http:\/\/ascorcerizas.com\/central\/141118wp\/wp-json\/wp\/v2\/posts\/825\/revisions\/1105"}],"wp:attachment":[{"href":"http:\/\/ascorcerizas.com\/central\/141118wp\/wp-json\/wp\/v2\/media?parent=825"}],"wp:term":[{"taxonomy":"category","embeddable":true,"href":"http:\/\/ascorcerizas.com\/central\/141118wp\/wp-json\/wp\/v2\/categories?post=825"},{"taxonomy":"post_tag","embeddable":true,"href":"http:\/\/ascorcerizas.com\/central\/141118wp\/wp-json\/wp\/v2\/tags?post=825"}],"curies":[{"name":"wp","href":"https:\/\/api.w.org\/{rel}","templated":true}]}}