{"id":27,"date":"2006-03-23T20:25:35","date_gmt":"2006-03-23T19:25:35","guid":{"rendered":"http:\/\/www.ascorcerizas.com\/central\/060126wp\/wp\/?p=27"},"modified":"2006-07-19T11:37:51","modified_gmt":"2006-07-19T10:37:51","slug":"campos-de-traballo-2006-novas-tecnoloxias-no-medio-rural-e-educacion-para-a-sostibilidade-na-serra-de-san-mamede","status":"publish","type":"post","link":"http:\/\/ascorcerizas.com\/central\/060126wp\/wp\/?p=27","title":{"rendered":"Campos de Traballo 2006: NOVAS TECNOLOX\u00cdAS NO MEDIO RURAL E EDUCACI\u00d3N PARA A   SOSTIBILIDADE"},"content":{"rendered":"<p>Durante o mes de <strong>agosto<\/strong>, o Centro de Educaci\u00f3n Ambiental As Corcerizas abre un espazo para a participaci\u00f3n nun proxecto innovador a trav\u00e9s de dous <strong>Campos de Traballo <\/strong>de \u00e1mbito nacional.<\/p>\n<p>Adem\u00e1is de traballos relacionados con <strong>enerx\u00edas renovables<\/strong> e <strong>bioconstruci\u00f3n<\/strong>, esta proposta leva asociada a implantaci\u00f3n dun sistema de <strong>depuraci\u00f3n natural de augas residuais <\/strong>mediante plantas acu\u00e1ticas en flotaci\u00f3n (macrofitas), present\u00e1ndose coma o complemento ideal no sistema de xesti\u00f3n integral sostible do Centro.<\/p>\n<p><img decoding=\"async\" alt=\"macrofitas\" src=\"http:\/\/www.ascorcerizas.com\/central\/060126wp\/wp\/wp-content\/images_0000\/macrofitas.jpg\" \/><br \/>\nfoto: macrofitas.com<\/p>\n<p>Tam\u00e9n haber\u00e1 excursi\u00f3ns pola natureza, roteiros interpretativos ambientais e etnogr\u00e1ficos para o seu acondicionamento, actividades de orientaci\u00f3n, realizaci\u00f3n de obradoiros, actividades relacionadas coa educaci\u00f3n e sensibilizaci\u00f3n ambiental, cooperaci\u00f3n e comercio xusto, agricultura ecol\u00f3xica&#8230; e como non tam\u00e9n haber\u00e1 espazo para o ocio e a diversi\u00f3n.<br \/>\nO <strong>prazo para apuntarse<\/strong> en Galicia abrirase a finais de abril, estade atentos para facer a vosa reserva a trav\u00e9s da Direci\u00f3n Xeral de Xuventude ou nos servizos provinciais.<\/p>\n<p>Para reservar prazas dende f\u00f3ra de Galicia, deberedes dirixirvos aos servizos de Xuventude das vosas comunidades ou na Direcci\u00f3n Xeral de Xuventude de Galicia.<\/p>\n<p><strong>Contactos:<\/strong><br \/>\nDirecci\u00f3n Xeral de Xuventude Galicia:\t981\/544.838 e 981\/544.851<br \/>\nServizo de Xuventude de Ourense:\t988\/386.112-386.118<\/p>\n<p><strong>V\u00e9monos en agosto!<\/strong><\/p>\n<ul>[<a target=\"_blank\" href=\"http:\/\/www.ascorcerizas.com\/central\/060126wp\/wp\/wp-content\/info\/as-CORCERIZAS-2006.doc\">Ampliar esta informaci\u00f3n<\/a>]<\/ul>\n","protected":false},"excerpt":{"rendered":"<p>Durante o mes de agosto, o Centro de Educaci\u00f3n Ambiental As Corcerizas abre un espazo para a participaci\u00f3n nun proxecto innovador a trav\u00e9s de dous Campos de Traballo de \u00e1mbito nacional. Adem\u00e1is de traballos relacionados con enerx\u00edas renovables e bioconstruci\u00f3n, esta proposta leva asociada a implantaci\u00f3n dun sistema de depuraci\u00f3n natural de augas residuais mediante [&hellip;]<\/p>\n","protected":false},"author":2,"featured_media":0,"comment_status":"open","ping_status":"open","sticky":false,"template":"","format":"standard","meta":{"jetpack_post_was_ever_published":false,"_jetpack_newsletter_access":"","_jetpack_dont_email_post_to_subs":false,"_jetpack_newsletter_tier_id":0,"_jetpack_memberships_contains_paywalled_content":false,"_jetpack_memberships_contains_paid_content":false,"footnotes":"","jetpack_publicize_message":"","jetpack_publicize_feature_enabled":true,"jetpack_social_post_already_shared":false,"jetpack_social_options":{"image_generator_settings":{"template":"highway","default_image_id":0,"font":"","enabled":false},"version":2}},"categories":[1],"tags":[],"class_list":["post-27","post","type-post","status-publish","format-standard","hentry","category-novas"],"jetpack_publicize_connections":[],"jetpack_featured_media_url":"","jetpack_sharing_enabled":true,"jetpack_shortlink":"https:\/\/wp.me\/p7kmhj-r","_links":{"self":[{"href":"http:\/\/ascorcerizas.com\/central\/060126wp\/wp\/index.php?rest_route=\/wp\/v2\/posts\/27","targetHints":{"allow":["GET"]}}],"collection":[{"href":"http:\/\/ascorcerizas.com\/central\/060126wp\/wp\/index.php?rest_route=\/wp\/v2\/posts"}],"about":[{"href":"http:\/\/ascorcerizas.com\/central\/060126wp\/wp\/index.php?rest_route=\/wp\/v2\/types\/post"}],"author":[{"embeddable":true,"href":"http:\/\/ascorcerizas.com\/central\/060126wp\/wp\/index.php?rest_route=\/wp\/v2\/users\/2"}],"replies":[{"embeddable":true,"href":"http:\/\/ascorcerizas.com\/central\/060126wp\/wp\/index.php?rest_route=%2Fwp%2Fv2%2Fcomments&post=27"}],"version-history":[{"count":0,"href":"http:\/\/ascorcerizas.com\/central\/060126wp\/wp\/index.php?rest_route=\/wp\/v2\/posts\/27\/revisions"}],"wp:attachment":[{"href":"http:\/\/ascorcerizas.com\/central\/060126wp\/wp\/index.php?rest_route=%2Fwp%2Fv2%2Fmedia&parent=27"}],"wp:term":[{"taxonomy":"category","embeddable":true,"href":"http:\/\/ascorcerizas.com\/central\/060126wp\/wp\/index.php?rest_route=%2Fwp%2Fv2%2Fcategories&post=27"},{"taxonomy":"post_tag","embeddable":true,"href":"http:\/\/ascorcerizas.com\/central\/060126wp\/wp\/index.php?rest_route=%2Fwp%2Fv2%2Ftags&post=27"}],"curies":[{"name":"wp","href":"https:\/\/api.w.org\/{rel}","templated":true}]}}