{"id":24,"date":"2006-02-20T22:06:30","date_gmt":"2006-02-20T21:06:30","guid":{"rendered":"http:\/\/www.ascorcerizas.com\/central\/060126wp\/wp\/?p=24"},"modified":"2007-05-24T19:08:49","modified_gmt":"2007-05-24T18:08:49","slug":"24","status":"publish","type":"post","link":"http:\/\/ascorcerizas.com\/central\/060126wp\/wp\/?p=24","title":{"rendered":"Andaina reivindicativa pola defensa do Bidueiral de Montederramo"},"content":{"rendered":"<p>Sendas empedradas, paisaxes encantadoras e enerx\u00edas alternativas, acompa\u00f1\u00e1ronnos nesta II Andaina reivindicativa.<\/p>\n<p><strong>S\u00e1bado <\/strong><br \/>\nUn peque\u00f1o percorrido entre as ruelas e prados de Rebordechao, trasladounos ata unha vida pasada onde, con exemplar sabidur\u00eda e respecto, os veci\u00f1os deste pobo serrano aproveitaban os recursos que lle ofrec\u00eda a natureza.<br \/>\nAcompa\u00f1ados polos propios poboadores e desfrutando coa s\u00faa simpat\u00eda co\u00f1ecemos:<\/p>\n<ul>\n<li>O colmear comunal. Al\u00ed puidemos apreciar a diferencia entre os m\u00e9todos e materiais artesanais e modernos.<\/li>\n<li>A forxa de Pepe. Ferro candente ao vivo quentado polo carb\u00f3n fabricado por eles mesmos anos atr\u00e1s.<\/li>\n<li>O mui\u00f1o da abelaira, capaz de moer a d\u00eda de hoxe.<\/li>\n<li>A taberna do Pepe, onde uns ricos pinchi\u00f1os de chouri\u00e7o nos esperaban \u00e1 hora do xantar.<\/li>\n<\/ul>\n<p><img decoding=\"async\" alt=\"Colmear\" src=\"http:\/\/www.ascorcerizas.com\/central\/060126wp\/wp\/wp-content\/images_2006\/060211_011_cortin.jpg\" \/><\/p>\n<p><img decoding=\"async\" alt=\"Forxa\" src=\"http:\/\/www.ascorcerizas.com\/central\/060126wp\/wp\/wp-content\/images_2006\/060211_018_forxa.jpg\" \/><\/p>\n<p>A incomparable beleza do estreito cami\u00f1o entre carballos, casti\u00f1eiros e os imponentes cumios das serras, compensou o esforzo da subida pola cara sul de San Mamede.<\/p>\n<p><img decoding=\"async\" alt=\"Serra de San Mamede\" src=\"http:\/\/www.ascorcerizas.com\/central\/060126wp\/wp\/wp-content\/images_2006\/060211_031.jpg\" \/><\/p>\n<p><img decoding=\"async\" alt=\"Subida cara sul\" src=\"http:\/\/www.ascorcerizas.com\/central\/060126wp\/wp\/wp-content\/images_2006\/060211_046.jpg\" \/><br \/>\n<font size=\"1\">Xa sabedes, sobre a clasificaci\u00f3n da dificultade das rotas, falar con Santos<\/font><\/p>\n<p>Logo de co\u00f1ecer de perto a bioconstruci\u00f3n e o funcionamento con enerx\u00edas renovables do Centro de As Corcerizas, chegou o licor caf\u00e9, a queimada e a m\u00fasica das gaitas&#8230; e \u00e1 ma\u00f1\u00e1 seguinte<\/p>\n<p><strong>Domingo <\/strong><br \/>\n&#8230; subida ata o alto de San Mamede, 1619 m de altitude.<\/p>\n<p><img decoding=\"async\" alt=\"Alto de San Mamede\" src=\"http:\/\/www.ascorcerizas.com\/central\/060126wp\/wp\/wp-content\/images_2006\/060212_024.jpg\" \/><\/p>\n<p><img decoding=\"async\" alt=\"Baixada\" src=\"http:\/\/www.ascorcerizas.com\/central\/060126wp\/wp\/wp-content\/images_2006\/060212_043_baixada-a-mogainza.jpg\" \/><\/p>\n<p>Baixamos pola cara norte da Serra e entre o manto de espesa de neve e un sol case primaveiral, f\u00f3monos adentrando no Bidueiral de Montederramo&#8230;<\/p>\n<p><img decoding=\"async\" alt=\"Cara ao Bidueiral\" src=\"http:\/\/www.ascorcerizas.com\/central\/060126wp\/wp\/wp-content\/images_2006\/060212_025.jpg\" \/><\/p>\n<p>As verxas do cercado cinex\u00e9tico no interior do cal se atopa este espazo declarado de interese comunitario (LIC) dentro da Rede Natura 2000, foron atravesadas por cada un dos participantes, que con esta marcha pretend\u00edan denunciar e evidenciar a intolerante situaci\u00f3n na que se atopa unha das fragas m\u00e1is interesantes e singulares da provincia de Ourense, por mor dunha irracional xesti\u00f3n cinex\u00e9tica intensiva.<\/p>\n<p><img decoding=\"async\" alt=\"Cercado cinex\u00e9tico\" src=\"http:\/\/www.ascorcerizas.com\/central\/060126wp\/wp\/wp-content\/images_2006\/060212_029.jpg\" \/><\/p>\n<p><img decoding=\"async\" alt=\"Parada no cercado\" src=\"http:\/\/www.ascorcerizas.com\/central\/060126wp\/wp\/wp-content\/images_2006\/bidueiral-058.jpg\" \/><\/p>\n<p>Pero esta situaci\u00f3n xa est\u00e1 en v\u00edas de cambio:<br \/>\nComo resultado das recentes reuni\u00f3ns mantidas polo Comit\u00e9 de Defensa do Monte Galego co Delegado de Medio Rural e Delegado de Medio Ambiente de Ourense, comunicouse a disposici\u00f3n da empresa a eliminar o valado.<\/p>\n<p>Agradecemos a alta participaci\u00f3n e bo \u00e1nimo dos asistentes e esperamos que na III Andaina polo Bidueiral de Montederramo nos reunamos para celebrar a declaraci\u00f3n do Macizo Central Ourens\u00e1n coma Parque Natural e o Bidueiral como Reserva Integral.<\/p>\n<p>Contamos con v\u00f3s!<\/p>\n<p><img decoding=\"async\" alt=\"Merendeiro da Mogainza\" src=\"http:\/\/www.ascorcerizas.com\/central\/060126wp\/wp\/wp-content\/images_2006\/060212_039.jpg\" \/><\/p>\n<p><img decoding=\"async\" alt=\"Merendeiro da Mogainza\" src=\"http:\/\/www.ascorcerizas.com\/central\/060126wp\/wp\/wp-content\/images_2006\/060212_040.jpg\" \/><\/p>\n<p><font size=\"1\">Fotograf\u00edas: Xurxo<\/font><\/p>\n<p>A <a href=\"http:\/\/www.ascorcerizas.com\/central\/060126wp\/wp\/?page_id=208\">II Andaina pola Defensa do Bidueiral de Montederramo<\/a><br \/>\nfoi organizada polo <a target=\"_blank\" href=\"http:\/\/www.adegagaliza.org\/comitemonte\/\">Comite de Defensa do Monte Galego<\/a><\/p>\n","protected":false},"excerpt":{"rendered":"<p>Sendas empedradas, paisaxes encantadoras e enerx\u00edas alternativas, acompa\u00f1\u00e1ronnos nesta II Andaina reivindicativa. S\u00e1bado Un peque\u00f1o percorrido entre as ruelas e prados de Rebordechao, trasladounos ata unha vida pasada onde, con exemplar sabidur\u00eda e respecto, os veci\u00f1os deste pobo serrano aproveitaban os recursos que lle ofrec\u00eda a natureza. Acompa\u00f1ados polos propios poboadores e desfrutando coa s\u00faa [&hellip;]<\/p>\n","protected":false},"author":1,"featured_media":0,"comment_status":"closed","ping_status":"closed","sticky":false,"template":"","format":"standard","meta":{"jetpack_post_was_ever_published":false,"_jetpack_newsletter_access":"","_jetpack_dont_email_post_to_subs":false,"_jetpack_newsletter_tier_id":0,"_jetpack_memberships_contains_paywalled_content":false,"_jetpack_memberships_contains_paid_content":false,"footnotes":"","jetpack_publicize_message":"","jetpack_publicize_feature_enabled":true,"jetpack_social_post_already_shared":false,"jetpack_social_options":{"image_generator_settings":{"template":"highway","default_image_id":0,"font":"","enabled":false},"version":2}},"categories":[8],"tags":[],"class_list":["post-24","post","type-post","status-publish","format-standard","hentry","category-reportaxes"],"jetpack_publicize_connections":[],"jetpack_featured_media_url":"","jetpack_sharing_enabled":true,"jetpack_shortlink":"https:\/\/wp.me\/s7kmhj-24","_links":{"self":[{"href":"http:\/\/ascorcerizas.com\/central\/060126wp\/wp\/index.php?rest_route=\/wp\/v2\/posts\/24","targetHints":{"allow":["GET"]}}],"collection":[{"href":"http:\/\/ascorcerizas.com\/central\/060126wp\/wp\/index.php?rest_route=\/wp\/v2\/posts"}],"about":[{"href":"http:\/\/ascorcerizas.com\/central\/060126wp\/wp\/index.php?rest_route=\/wp\/v2\/types\/post"}],"author":[{"embeddable":true,"href":"http:\/\/ascorcerizas.com\/central\/060126wp\/wp\/index.php?rest_route=\/wp\/v2\/users\/1"}],"replies":[{"embeddable":true,"href":"http:\/\/ascorcerizas.com\/central\/060126wp\/wp\/index.php?rest_route=%2Fwp%2Fv2%2Fcomments&post=24"}],"version-history":[{"count":0,"href":"http:\/\/ascorcerizas.com\/central\/060126wp\/wp\/index.php?rest_route=\/wp\/v2\/posts\/24\/revisions"}],"wp:attachment":[{"href":"http:\/\/ascorcerizas.com\/central\/060126wp\/wp\/index.php?rest_route=%2Fwp%2Fv2%2Fmedia&parent=24"}],"wp:term":[{"taxonomy":"category","embeddable":true,"href":"http:\/\/ascorcerizas.com\/central\/060126wp\/wp\/index.php?rest_route=%2Fwp%2Fv2%2Fcategories&post=24"},{"taxonomy":"post_tag","embeddable":true,"href":"http:\/\/ascorcerizas.com\/central\/060126wp\/wp\/index.php?rest_route=%2Fwp%2Fv2%2Ftags&post=24"}],"curies":[{"name":"wp","href":"https:\/\/api.w.org\/{rel}","templated":true}]}}